{"id":467,"date":"2025-01-14T12:32:15","date_gmt":"2025-01-14T12:32:15","guid":{"rendered":"https:\/\/progeslojistik.com\/?p=467"},"modified":"2025-01-14T12:37:11","modified_gmt":"2025-01-14T12:37:11","slug":"deniz-yolu-tasimaciligi","status":"publish","type":"post","link":"https:\/\/progeslojistik.com\/?p=467","title":{"rendered":"Deniz Yolu Ta\u015f\u0131mac\u0131l\u0131\u011f\u0131"},"content":{"rendered":"\n<p><strong>Deniz Yolu Ta\u015f\u0131mac\u0131l\u0131\u011f\u0131: Ekonomik ve G\u00fcvenli K\u00fcresel Ta\u015f\u0131ma \u00c7\u00f6z\u00fcmleri<\/strong><\/p>\n\n\n\n<p>Deniz yolu ta\u015f\u0131mac\u0131l\u0131\u011f\u0131, b\u00fcy\u00fck hacimli y\u00fcklerin d\u00fc\u015f\u00fck maliyetle ta\u015f\u0131nmas\u0131n\u0131 sa\u011flayan etkili bir \u00e7\u00f6z\u00fcmd\u00fcr. Geni\u015f deniz yolu a\u011f\u0131m\u0131z ve k\u00fcresel ba\u011flant\u0131lar\u0131m\u0131z sayesinde, d\u00fcnya \u00e7ap\u0131nda her t\u00fcrl\u00fc y\u00fck\u00fc g\u00fcvenle ta\u015f\u0131yoruz. Uzun mesafeli ta\u015f\u0131malar i\u00e7in ideal olan deniz ta\u015f\u0131mac\u0131l\u0131\u011f\u0131, b\u00fcy\u00fck miktarda y\u00fck\u00fc ekonomik bir \u015fekilde sevk etme imkan\u0131 sunar.<\/p>\n\n\n\n<p>Deniz yolu ta\u015f\u0131mac\u0131l\u0131\u011f\u0131, \u00f6zellikle a\u011f\u0131r ve hacimli y\u00fckler i\u00e7in son derece verimli bir se\u00e7enek olup, lojistik s\u00fcre\u00e7lerinizi daha uygun maliyetlerle y\u00f6netmenizi sa\u011flar. Her a\u015famada y\u00fcksek g\u00fcvenlik standartlar\u0131 ve takip imkan\u0131 sunarak y\u00fcklerinizin g\u00fcvende olmas\u0131n\u0131 sa\u011fl\u0131yoruz. Y\u00fck ta\u015f\u0131ma kapasitesi, kara ve hava ta\u015f\u0131mac\u0131l\u0131\u011f\u0131ndan \u00e7ok daha y\u00fcksek oldu\u011fundan, b\u00fcy\u00fck ve a\u011f\u0131r y\u00fckler i\u00e7in m\u00fckemmel bir alternatiftir.<\/p>\n\n\n\n<p>Global deniz ta\u015f\u0131mac\u0131l\u0131\u011f\u0131 hizmetimiz, zaman\u0131nda teslimat garantisi ve g\u00fcvenli ta\u015f\u0131mac\u0131l\u0131k sunarak d\u00fcnya genelindeki t\u00fcm teslimat ihtiya\u00e7lar\u0131n\u0131za uygun \u00e7\u00f6z\u00fcmler \u00fcretir.<\/p>\n\n\n\n<p><\/p>\n","protected":false},"excerpt":{"rendered":"<p>Deniz yolu ta\u015f\u0131mac\u0131l\u0131\u011f\u0131 ile g\u00fcvenli, ekonomik ve h\u0131zl\u0131 ta\u015f\u0131mac\u0131l\u0131k.<\/p>\n","protected":false},"author":1,"featured_media":468,"comment_status":"closed","ping_status":"closed","sticky":false,"template":"","format":"standard","meta":{"footnotes":""},"categories":[6],"tags":[],"class_list":["post-467","post","type-post","status-publish","format-standard","has-post-thumbnail","hentry","category-slider"],"yoast_head":"<!-- This site is optimized with the Yoast SEO plugin v24.1 - https:\/\/yoast.com\/wordpress\/plugins\/seo\/ -->\n<title>Deniz Yolu Ta\u015f\u0131mac\u0131l\u0131\u011f\u0131 - Proges Lojistik<\/title>\n<meta name=\"robots\" content=\"index, follow, max-snippet:-1, max-image-preview:large, max-video-preview:-1\" \/>\n<link rel=\"canonical\" href=\"https:\/\/progeslojistik.com\/?p=467\" \/>\n<meta property=\"og:locale\" content=\"tr_TR\" \/>\n<meta property=\"og:type\" content=\"article\" \/>\n<meta property=\"og:title\" content=\"Deniz Yolu Ta\u015f\u0131mac\u0131l\u0131\u011f\u0131 - Proges Lojistik\" \/>\n<meta property=\"og:description\" content=\"Deniz yolu ta\u015f\u0131mac\u0131l\u0131\u011f\u0131 ile g\u00fcvenli, ekonomik ve h\u0131zl\u0131 ta\u015f\u0131mac\u0131l\u0131k.\" \/>\n<meta property=\"og:url\" content=\"https:\/\/progeslojistik.com\/?p=467\" \/>\n<meta property=\"og:site_name\" content=\"Proges Lojistik\" \/>\n<meta property=\"article:published_time\" content=\"2025-01-14T12:32:15+00:00\" \/>\n<meta property=\"article:modified_time\" content=\"2025-01-14T12:37:11+00:00\" \/>\n<meta property=\"og:image\" content=\"https:\/\/progeslojistik.com\/wp-content\/uploads\/2025\/01\/shipping.jpg\" \/>\n\t<meta property=\"og:image:width\" content=\"1920\" \/>\n\t<meta property=\"og:image:height\" content=\"1279\" \/>\n\t<meta property=\"og:image:type\" content=\"image\/jpeg\" \/>\n<meta name=\"author\" content=\"admin\" \/>\n<meta name=\"twitter:card\" content=\"summary_large_image\" \/>\n<meta name=\"twitter:label1\" content=\"Yazan:\" \/>\n\t<meta name=\"twitter:data1\" content=\"admin\" \/>\n\t<meta name=\"twitter:label2\" content=\"Tahmini okuma s\u00fcresi\" \/>\n\t<meta name=\"twitter:data2\" content=\"1 dakika\" \/>\n<script type=\"application\/ld+json\" class=\"yoast-schema-graph\">{\"@context\":\"https:\/\/schema.org\",\"@graph\":[{\"@type\":\"Article\",\"@id\":\"https:\/\/progeslojistik.com\/?p=467#article\",\"isPartOf\":{\"@id\":\"https:\/\/progeslojistik.com\/?p=467\"},\"author\":{\"name\":\"admin\",\"@id\":\"https:\/\/progeslojistik.com\/#\/schema\/person\/7a7e93d71e8ec8160b77f3f909ab7233\"},\"headline\":\"Deniz Yolu Ta\u015f\u0131mac\u0131l\u0131\u011f\u0131\",\"datePublished\":\"2025-01-14T12:32:15+00:00\",\"dateModified\":\"2025-01-14T12:37:11+00:00\",\"mainEntityOfPage\":{\"@id\":\"https:\/\/progeslojistik.com\/?p=467\"},\"wordCount\":214,\"publisher\":{\"@id\":\"https:\/\/progeslojistik.com\/#organization\"},\"image\":{\"@id\":\"https:\/\/progeslojistik.com\/?p=467#primaryimage\"},\"thumbnailUrl\":\"https:\/\/progeslojistik.com\/wp-content\/uploads\/2025\/01\/shipping.jpg\",\"articleSection\":[\"Slider\"],\"inLanguage\":\"tr\"},{\"@type\":\"WebPage\",\"@id\":\"https:\/\/progeslojistik.com\/?p=467\",\"url\":\"https:\/\/progeslojistik.com\/?p=467\",\"name\":\"Deniz Yolu Ta\u015f\u0131mac\u0131l\u0131\u011f\u0131 - Proges Lojistik\",\"isPartOf\":{\"@id\":\"https:\/\/progeslojistik.com\/#website\"},\"primaryImageOfPage\":{\"@id\":\"https:\/\/progeslojistik.com\/?p=467#primaryimage\"},\"image\":{\"@id\":\"https:\/\/progeslojistik.com\/?p=467#primaryimage\"},\"thumbnailUrl\":\"https:\/\/progeslojistik.com\/wp-content\/uploads\/2025\/01\/shipping.jpg\",\"datePublished\":\"2025-01-14T12:32:15+00:00\",\"dateModified\":\"2025-01-14T12:37:11+00:00\",\"breadcrumb\":{\"@id\":\"https:\/\/progeslojistik.com\/?p=467#breadcrumb\"},\"inLanguage\":\"tr\",\"potentialAction\":[{\"@type\":\"ReadAction\",\"target\":[\"https:\/\/progeslojistik.com\/?p=467\"]}]},{\"@type\":\"ImageObject\",\"inLanguage\":\"tr\",\"@id\":\"https:\/\/progeslojistik.com\/?p=467#primaryimage\",\"url\":\"https:\/\/progeslojistik.com\/wp-content\/uploads\/2025\/01\/shipping.jpg\",\"contentUrl\":\"https:\/\/progeslojistik.com\/wp-content\/uploads\/2025\/01\/shipping.jpg\",\"width\":1920,\"height\":1279},{\"@type\":\"BreadcrumbList\",\"@id\":\"https:\/\/progeslojistik.com\/?p=467#breadcrumb\",\"itemListElement\":[{\"@type\":\"ListItem\",\"position\":1,\"name\":\"Anasayfa\",\"item\":\"https:\/\/progeslojistik.com\/?page_id=302\"},{\"@type\":\"ListItem\",\"position\":2,\"name\":\"Deniz Yolu Ta\u015f\u0131mac\u0131l\u0131\u011f\u0131\"}]},{\"@type\":\"WebSite\",\"@id\":\"https:\/\/progeslojistik.com\/#website\",\"url\":\"https:\/\/progeslojistik.com\/\",\"name\":\"Proges Lojistik\",\"description\":\"\",\"publisher\":{\"@id\":\"https:\/\/progeslojistik.com\/#organization\"},\"potentialAction\":[{\"@type\":\"SearchAction\",\"target\":{\"@type\":\"EntryPoint\",\"urlTemplate\":\"https:\/\/progeslojistik.com\/?s={search_term_string}\"},\"query-input\":{\"@type\":\"PropertyValueSpecification\",\"valueRequired\":true,\"valueName\":\"search_term_string\"}}],\"inLanguage\":\"tr\"},{\"@type\":\"Organization\",\"@id\":\"https:\/\/progeslojistik.com\/#organization\",\"name\":\"Proges Lojistik\",\"url\":\"https:\/\/progeslojistik.com\/\",\"logo\":{\"@type\":\"ImageObject\",\"inLanguage\":\"tr\",\"@id\":\"https:\/\/progeslojistik.com\/#\/schema\/logo\/image\/\",\"url\":\"https:\/\/progeslojistik.com\/wp-content\/uploads\/2025\/01\/cropped-progeslogo.png\",\"contentUrl\":\"https:\/\/progeslojistik.com\/wp-content\/uploads\/2025\/01\/cropped-progeslogo.png\",\"width\":105,\"height\":105,\"caption\":\"Proges Lojistik\"},\"image\":{\"@id\":\"https:\/\/progeslojistik.com\/#\/schema\/logo\/image\/\"}},{\"@type\":\"Person\",\"@id\":\"https:\/\/progeslojistik.com\/#\/schema\/person\/7a7e93d71e8ec8160b77f3f909ab7233\",\"name\":\"admin\",\"sameAs\":[\"https:\/\/progeslojistik.com\"],\"url\":\"https:\/\/progeslojistik.com\/?author=1\"}]}<\/script>\n<!-- \/ Yoast SEO plugin. -->","yoast_head_json":{"title":"Deniz Yolu Ta\u015f\u0131mac\u0131l\u0131\u011f\u0131 - Proges Lojistik","robots":{"index":"index","follow":"follow","max-snippet":"max-snippet:-1","max-image-preview":"max-image-preview:large","max-video-preview":"max-video-preview:-1"},"canonical":"https:\/\/progeslojistik.com\/?p=467","og_locale":"tr_TR","og_type":"article","og_title":"Deniz Yolu Ta\u015f\u0131mac\u0131l\u0131\u011f\u0131 - Proges Lojistik","og_description":"Deniz yolu ta\u015f\u0131mac\u0131l\u0131\u011f\u0131 ile g\u00fcvenli, ekonomik ve h\u0131zl\u0131 ta\u015f\u0131mac\u0131l\u0131k.","og_url":"https:\/\/progeslojistik.com\/?p=467","og_site_name":"Proges Lojistik","article_published_time":"2025-01-14T12:32:15+00:00","article_modified_time":"2025-01-14T12:37:11+00:00","og_image":[{"width":1920,"height":1279,"url":"https:\/\/progeslojistik.com\/wp-content\/uploads\/2025\/01\/shipping.jpg","type":"image\/jpeg"}],"author":"admin","twitter_card":"summary_large_image","twitter_misc":{"Yazan:":"admin","Tahmini okuma s\u00fcresi":"1 dakika"},"schema":{"@context":"https:\/\/schema.org","@graph":[{"@type":"Article","@id":"https:\/\/progeslojistik.com\/?p=467#article","isPartOf":{"@id":"https:\/\/progeslojistik.com\/?p=467"},"author":{"name":"admin","@id":"https:\/\/progeslojistik.com\/#\/schema\/person\/7a7e93d71e8ec8160b77f3f909ab7233"},"headline":"Deniz Yolu Ta\u015f\u0131mac\u0131l\u0131\u011f\u0131","datePublished":"2025-01-14T12:32:15+00:00","dateModified":"2025-01-14T12:37:11+00:00","mainEntityOfPage":{"@id":"https:\/\/progeslojistik.com\/?p=467"},"wordCount":214,"publisher":{"@id":"https:\/\/progeslojistik.com\/#organization"},"image":{"@id":"https:\/\/progeslojistik.com\/?p=467#primaryimage"},"thumbnailUrl":"https:\/\/progeslojistik.com\/wp-content\/uploads\/2025\/01\/shipping.jpg","articleSection":["Slider"],"inLanguage":"tr"},{"@type":"WebPage","@id":"https:\/\/progeslojistik.com\/?p=467","url":"https:\/\/progeslojistik.com\/?p=467","name":"Deniz Yolu Ta\u015f\u0131mac\u0131l\u0131\u011f\u0131 - Proges Lojistik","isPartOf":{"@id":"https:\/\/progeslojistik.com\/#website"},"primaryImageOfPage":{"@id":"https:\/\/progeslojistik.com\/?p=467#primaryimage"},"image":{"@id":"https:\/\/progeslojistik.com\/?p=467#primaryimage"},"thumbnailUrl":"https:\/\/progeslojistik.com\/wp-content\/uploads\/2025\/01\/shipping.jpg","datePublished":"2025-01-14T12:32:15+00:00","dateModified":"2025-01-14T12:37:11+00:00","breadcrumb":{"@id":"https:\/\/progeslojistik.com\/?p=467#breadcrumb"},"inLanguage":"tr","potentialAction":[{"@type":"ReadAction","target":["https:\/\/progeslojistik.com\/?p=467"]}]},{"@type":"ImageObject","inLanguage":"tr","@id":"https:\/\/progeslojistik.com\/?p=467#primaryimage","url":"https:\/\/progeslojistik.com\/wp-content\/uploads\/2025\/01\/shipping.jpg","contentUrl":"https:\/\/progeslojistik.com\/wp-content\/uploads\/2025\/01\/shipping.jpg","width":1920,"height":1279},{"@type":"BreadcrumbList","@id":"https:\/\/progeslojistik.com\/?p=467#breadcrumb","itemListElement":[{"@type":"ListItem","position":1,"name":"Anasayfa","item":"https:\/\/progeslojistik.com\/?page_id=302"},{"@type":"ListItem","position":2,"name":"Deniz Yolu Ta\u015f\u0131mac\u0131l\u0131\u011f\u0131"}]},{"@type":"WebSite","@id":"https:\/\/progeslojistik.com\/#website","url":"https:\/\/progeslojistik.com\/","name":"Proges Lojistik","description":"","publisher":{"@id":"https:\/\/progeslojistik.com\/#organization"},"potentialAction":[{"@type":"SearchAction","target":{"@type":"EntryPoint","urlTemplate":"https:\/\/progeslojistik.com\/?s={search_term_string}"},"query-input":{"@type":"PropertyValueSpecification","valueRequired":true,"valueName":"search_term_string"}}],"inLanguage":"tr"},{"@type":"Organization","@id":"https:\/\/progeslojistik.com\/#organization","name":"Proges Lojistik","url":"https:\/\/progeslojistik.com\/","logo":{"@type":"ImageObject","inLanguage":"tr","@id":"https:\/\/progeslojistik.com\/#\/schema\/logo\/image\/","url":"https:\/\/progeslojistik.com\/wp-content\/uploads\/2025\/01\/cropped-progeslogo.png","contentUrl":"https:\/\/progeslojistik.com\/wp-content\/uploads\/2025\/01\/cropped-progeslogo.png","width":105,"height":105,"caption":"Proges Lojistik"},"image":{"@id":"https:\/\/progeslojistik.com\/#\/schema\/logo\/image\/"}},{"@type":"Person","@id":"https:\/\/progeslojistik.com\/#\/schema\/person\/7a7e93d71e8ec8160b77f3f909ab7233","name":"admin","sameAs":["https:\/\/progeslojistik.com"],"url":"https:\/\/progeslojistik.com\/?author=1"}]}},"_links":{"self":[{"href":"https:\/\/progeslojistik.com\/index.php?rest_route=\/wp\/v2\/posts\/467","targetHints":{"allow":["GET"]}}],"collection":[{"href":"https:\/\/progeslojistik.com\/index.php?rest_route=\/wp\/v2\/posts"}],"about":[{"href":"https:\/\/progeslojistik.com\/index.php?rest_route=\/wp\/v2\/types\/post"}],"author":[{"embeddable":true,"href":"https:\/\/progeslojistik.com\/index.php?rest_route=\/wp\/v2\/users\/1"}],"replies":[{"embeddable":true,"href":"https:\/\/progeslojistik.com\/index.php?rest_route=%2Fwp%2Fv2%2Fcomments&post=467"}],"version-history":[{"count":2,"href":"https:\/\/progeslojistik.com\/index.php?rest_route=\/wp\/v2\/posts\/467\/revisions"}],"predecessor-version":[{"id":470,"href":"https:\/\/progeslojistik.com\/index.php?rest_route=\/wp\/v2\/posts\/467\/revisions\/470"}],"wp:featuredmedia":[{"embeddable":true,"href":"https:\/\/progeslojistik.com\/index.php?rest_route=\/wp\/v2\/media\/468"}],"wp:attachment":[{"href":"https:\/\/progeslojistik.com\/index.php?rest_route=%2Fwp%2Fv2%2Fmedia&parent=467"}],"wp:term":[{"taxonomy":"category","embeddable":true,"href":"https:\/\/progeslojistik.com\/index.php?rest_route=%2Fwp%2Fv2%2Fcategories&post=467"},{"taxonomy":"post_tag","embeddable":true,"href":"https:\/\/progeslojistik.com\/index.php?rest_route=%2Fwp%2Fv2%2Ftags&post=467"}],"curies":[{"name":"wp","href":"https:\/\/api.w.org\/{rel}","templated":true}]}}