{"id":44,"date":"2016-05-12T10:07:12","date_gmt":"2016-05-12T10:07:12","guid":{"rendered":"http:\/\/raratheme.com\/preview\/benevolent\/?p=44"},"modified":"2025-01-14T13:01:23","modified_gmt":"2025-01-14T13:01:23","slug":"educating-slum-children","status":"publish","type":"post","link":"https:\/\/progeslojistik.com\/?p=44","title":{"rendered":"Proje Ta\u015f\u0131mac\u0131l\u0131\u011f\u0131 Hizmeti"},"content":{"rendered":"<p><strong>B\u00fcy\u00fck Y\u00fckler \u0130\u00e7in G\u00fcvenli ve Profesyonel \u00c7\u00f6z\u00fcmler<\/strong><\/p>\n<p>Proje ta\u015f\u0131mac\u0131l\u0131\u011f\u0131, b\u00fcy\u00fck, a\u011f\u0131r ve \u00f6zel ta\u015f\u0131mac\u0131l\u0131k gerektiren y\u00fcklerin g\u00fcvenli bir \u015fekilde ta\u015f\u0131nmas\u0131 i\u00e7in sundu\u011fumuz \u00f6zelle\u015ftirilmi\u015f bir hizmettir. End\u00fcstriyel makineler, in\u015faat ekipmanlar\u0131, a\u011f\u0131r makineler, mod\u00fcler yap\u0131 elemanlar\u0131 ve daha fazlas\u0131 gibi b\u00fcy\u00fck projelere ait y\u00fcklerin ta\u015f\u0131nmas\u0131nda uzmanla\u015fm\u0131\u015f bir hizmet sunuyoruz.<\/p>\n<p>Her proje, kendine \u00f6zg\u00fc gereksinimlere ve zorluklara sahiptir. Bu nedenle, ta\u015f\u0131ma s\u00fcrecini planlarken, her ayr\u0131nt\u0131y\u0131 titizlikle de\u011ferlendiriyor ve projelere \u00f6zel ta\u015f\u0131ma \u00e7\u00f6z\u00fcmleri sunuyoruz. Ara\u00e7 se\u00e7iminden g\u00fczergah planlamas\u0131na, \u00f6zel y\u00fck ta\u015f\u0131ma ekipmanlar\u0131na kadar t\u00fcm s\u00fcre\u00e7 profesyonel ekiplerimiz taraf\u0131ndan y\u00f6netilir.<\/p>\n<p>Proje ta\u015f\u0131mac\u0131l\u0131\u011f\u0131 hizmetimiz, ulusal ve uluslararas\u0131 d\u00fczeyde b\u00fcy\u00fck y\u00fcklerin ta\u015f\u0131nmas\u0131nda kar\u015f\u0131la\u015f\u0131lan lojistik zorluklar\u0131 a\u015fmak i\u00e7in en g\u00fcvenilir \u00e7\u00f6z\u00fcmleri sunar. Y\u00fcklerinizin g\u00fcvenli\u011fi, zaman\u0131nda teslimat\u0131 ve ta\u015f\u0131mac\u0131l\u0131kla ilgili t\u00fcm izin s\u00fcre\u00e7leri bizim taraf\u0131m\u0131zdan sa\u011flan\u0131r.<\/p>\n<p>Her t\u00fcrl\u00fc \u00f6zel ta\u015f\u0131mac\u0131l\u0131k ihtiyac\u0131n\u0131zda yan\u0131n\u0131zday\u0131z. Proje ta\u015f\u0131mac\u0131l\u0131\u011f\u0131 hizmetimizle b\u00fcy\u00fck y\u00fcklerinizi g\u00fcvenle, zaman\u0131nda ve sorunsuz bir \u015fekilde ta\u015f\u0131man\u0131n rahatl\u0131\u011f\u0131n\u0131 ya\u015fay\u0131n. Profesyonel ekibimiz, projelerinizin her a\u015famas\u0131nda sizinle birlikte \u00e7al\u0131\u015farak, ba\u015far\u0131l\u0131 bir ta\u015f\u0131ma s\u00fcreci sa\u011flar.<\/p>\n","protected":false},"excerpt":{"rendered":"<p>B\u00fcy\u00fck Y\u00fckler \u0130\u00e7in G\u00fcvenli ve Profesyonel \u00c7\u00f6z\u00fcmler Proje ta\u015f\u0131mac\u0131l\u0131\u011f\u0131, b\u00fcy\u00fck, a\u011f\u0131r ve \u00f6zel ta\u015f\u0131mac\u0131l\u0131k gerektiren y\u00fcklerin g\u00fcvenli bir \u015fekilde ta\u015f\u0131nmas\u0131 i\u00e7in sundu\u011fumuz \u00f6zelle\u015ftirilmi\u015f bir hizmettir. End\u00fcstriyel makineler, in\u015faat ekipmanlar\u0131, a\u011f\u0131r makineler, mod\u00fcler yap\u0131 elemanlar\u0131 ve daha fazlas\u0131 gibi b\u00fcy\u00fck projelere ait y\u00fcklerin ta\u015f\u0131nmas\u0131nda uzmanla\u015fm\u0131\u015f bir hizmet sunuyoruz. Her proje, kendine \u00f6zg\u00fc gereksinimlere ve zorluklara sahiptir. Bu nedenle, ta\u015f\u0131ma s\u00fcrecini planlarken, &hellip; <\/p>\n","protected":false},"author":1,"featured_media":492,"comment_status":"closed","ping_status":"closed","sticky":false,"template":"","format":"standard","meta":{"footnotes":""},"categories":[3],"tags":[],"class_list":["post-44","post","type-post","status-publish","format-standard","has-post-thumbnail","hentry","category-education"],"yoast_head":"<!-- This site is optimized with the Yoast SEO plugin v24.1 - https:\/\/yoast.com\/wordpress\/plugins\/seo\/ -->\n<title>Proje Ta\u015f\u0131mac\u0131l\u0131\u011f\u0131 Hizmeti - Proges Lojistik<\/title>\n<meta name=\"robots\" content=\"index, follow, max-snippet:-1, max-image-preview:large, max-video-preview:-1\" \/>\n<link rel=\"canonical\" href=\"https:\/\/progeslojistik.com\/?p=44\" \/>\n<meta property=\"og:locale\" content=\"tr_TR\" \/>\n<meta property=\"og:type\" content=\"article\" \/>\n<meta property=\"og:title\" content=\"Proje Ta\u015f\u0131mac\u0131l\u0131\u011f\u0131 Hizmeti - Proges Lojistik\" \/>\n<meta property=\"og:description\" content=\"B\u00fcy\u00fck Y\u00fckler \u0130\u00e7in G\u00fcvenli ve Profesyonel \u00c7\u00f6z\u00fcmler Proje ta\u015f\u0131mac\u0131l\u0131\u011f\u0131, b\u00fcy\u00fck, a\u011f\u0131r ve \u00f6zel ta\u015f\u0131mac\u0131l\u0131k gerektiren y\u00fcklerin g\u00fcvenli bir \u015fekilde ta\u015f\u0131nmas\u0131 i\u00e7in sundu\u011fumuz \u00f6zelle\u015ftirilmi\u015f bir hizmettir. End\u00fcstriyel makineler, in\u015faat ekipmanlar\u0131, a\u011f\u0131r makineler, mod\u00fcler yap\u0131 elemanlar\u0131 ve daha fazlas\u0131 gibi b\u00fcy\u00fck projelere ait y\u00fcklerin ta\u015f\u0131nmas\u0131nda uzmanla\u015fm\u0131\u015f bir hizmet sunuyoruz. Her proje, kendine \u00f6zg\u00fc gereksinimlere ve zorluklara sahiptir. Bu nedenle, ta\u015f\u0131ma s\u00fcrecini planlarken, &hellip;\" \/>\n<meta property=\"og:url\" content=\"https:\/\/progeslojistik.com\/?p=44\" \/>\n<meta property=\"og:site_name\" content=\"Proges Lojistik\" \/>\n<meta property=\"article:published_time\" content=\"2016-05-12T10:07:12+00:00\" \/>\n<meta property=\"article:modified_time\" content=\"2025-01-14T13:01:23+00:00\" \/>\n<meta property=\"og:image\" content=\"https:\/\/progeslojistik.com\/wp-content\/uploads\/2016\/05\/agir-gabari-ve-proje-tasimaciliginda-dikkat-edilmesi-gerekenler.jpg\" \/>\n\t<meta property=\"og:image:width\" content=\"800\" \/>\n\t<meta property=\"og:image:height\" content=\"600\" \/>\n\t<meta property=\"og:image:type\" content=\"image\/jpeg\" \/>\n<meta name=\"author\" content=\"admin\" \/>\n<meta name=\"twitter:card\" content=\"summary_large_image\" \/>\n<meta name=\"twitter:label1\" content=\"Yazan:\" \/>\n\t<meta name=\"twitter:data1\" content=\"admin\" \/>\n\t<meta name=\"twitter:label2\" content=\"Tahmini okuma s\u00fcresi\" \/>\n\t<meta name=\"twitter:data2\" content=\"2 dakika\" \/>\n<script type=\"application\/ld+json\" class=\"yoast-schema-graph\">{\"@context\":\"https:\/\/schema.org\",\"@graph\":[{\"@type\":\"Article\",\"@id\":\"https:\/\/progeslojistik.com\/?p=44#article\",\"isPartOf\":{\"@id\":\"https:\/\/progeslojistik.com\/?p=44\"},\"author\":{\"name\":\"admin\",\"@id\":\"https:\/\/progeslojistik.com\/#\/schema\/person\/7a7e93d71e8ec8160b77f3f909ab7233\"},\"headline\":\"Proje Ta\u015f\u0131mac\u0131l\u0131\u011f\u0131 Hizmeti\",\"datePublished\":\"2016-05-12T10:07:12+00:00\",\"dateModified\":\"2025-01-14T13:01:23+00:00\",\"mainEntityOfPage\":{\"@id\":\"https:\/\/progeslojistik.com\/?p=44\"},\"wordCount\":258,\"publisher\":{\"@id\":\"https:\/\/progeslojistik.com\/#organization\"},\"image\":{\"@id\":\"https:\/\/progeslojistik.com\/?p=44#primaryimage\"},\"thumbnailUrl\":\"https:\/\/progeslojistik.com\/wp-content\/uploads\/2016\/05\/agir-gabari-ve-proje-tasimaciliginda-dikkat-edilmesi-gerekenler.jpg\",\"articleSection\":[\"Education\"],\"inLanguage\":\"tr\"},{\"@type\":\"WebPage\",\"@id\":\"https:\/\/progeslojistik.com\/?p=44\",\"url\":\"https:\/\/progeslojistik.com\/?p=44\",\"name\":\"Proje Ta\u015f\u0131mac\u0131l\u0131\u011f\u0131 Hizmeti - Proges Lojistik\",\"isPartOf\":{\"@id\":\"https:\/\/progeslojistik.com\/#website\"},\"primaryImageOfPage\":{\"@id\":\"https:\/\/progeslojistik.com\/?p=44#primaryimage\"},\"image\":{\"@id\":\"https:\/\/progeslojistik.com\/?p=44#primaryimage\"},\"thumbnailUrl\":\"https:\/\/progeslojistik.com\/wp-content\/uploads\/2016\/05\/agir-gabari-ve-proje-tasimaciliginda-dikkat-edilmesi-gerekenler.jpg\",\"datePublished\":\"2016-05-12T10:07:12+00:00\",\"dateModified\":\"2025-01-14T13:01:23+00:00\",\"breadcrumb\":{\"@id\":\"https:\/\/progeslojistik.com\/?p=44#breadcrumb\"},\"inLanguage\":\"tr\",\"potentialAction\":[{\"@type\":\"ReadAction\",\"target\":[\"https:\/\/progeslojistik.com\/?p=44\"]}]},{\"@type\":\"ImageObject\",\"inLanguage\":\"tr\",\"@id\":\"https:\/\/progeslojistik.com\/?p=44#primaryimage\",\"url\":\"https:\/\/progeslojistik.com\/wp-content\/uploads\/2016\/05\/agir-gabari-ve-proje-tasimaciliginda-dikkat-edilmesi-gerekenler.jpg\",\"contentUrl\":\"https:\/\/progeslojistik.com\/wp-content\/uploads\/2016\/05\/agir-gabari-ve-proje-tasimaciliginda-dikkat-edilmesi-gerekenler.jpg\",\"width\":800,\"height\":600},{\"@type\":\"BreadcrumbList\",\"@id\":\"https:\/\/progeslojistik.com\/?p=44#breadcrumb\",\"itemListElement\":[{\"@type\":\"ListItem\",\"position\":1,\"name\":\"Anasayfa\",\"item\":\"https:\/\/progeslojistik.com\/?page_id=302\"},{\"@type\":\"ListItem\",\"position\":2,\"name\":\"Proje Ta\u015f\u0131mac\u0131l\u0131\u011f\u0131 Hizmeti\"}]},{\"@type\":\"WebSite\",\"@id\":\"https:\/\/progeslojistik.com\/#website\",\"url\":\"https:\/\/progeslojistik.com\/\",\"name\":\"Proges Lojistik\",\"description\":\"\",\"publisher\":{\"@id\":\"https:\/\/progeslojistik.com\/#organization\"},\"potentialAction\":[{\"@type\":\"SearchAction\",\"target\":{\"@type\":\"EntryPoint\",\"urlTemplate\":\"https:\/\/progeslojistik.com\/?s={search_term_string}\"},\"query-input\":{\"@type\":\"PropertyValueSpecification\",\"valueRequired\":true,\"valueName\":\"search_term_string\"}}],\"inLanguage\":\"tr\"},{\"@type\":\"Organization\",\"@id\":\"https:\/\/progeslojistik.com\/#organization\",\"name\":\"Proges Lojistik\",\"url\":\"https:\/\/progeslojistik.com\/\",\"logo\":{\"@type\":\"ImageObject\",\"inLanguage\":\"tr\",\"@id\":\"https:\/\/progeslojistik.com\/#\/schema\/logo\/image\/\",\"url\":\"https:\/\/progeslojistik.com\/wp-content\/uploads\/2025\/01\/cropped-progeslogo.png\",\"contentUrl\":\"https:\/\/progeslojistik.com\/wp-content\/uploads\/2025\/01\/cropped-progeslogo.png\",\"width\":105,\"height\":105,\"caption\":\"Proges Lojistik\"},\"image\":{\"@id\":\"https:\/\/progeslojistik.com\/#\/schema\/logo\/image\/\"}},{\"@type\":\"Person\",\"@id\":\"https:\/\/progeslojistik.com\/#\/schema\/person\/7a7e93d71e8ec8160b77f3f909ab7233\",\"name\":\"admin\",\"sameAs\":[\"https:\/\/progeslojistik.com\"],\"url\":\"https:\/\/progeslojistik.com\/?author=1\"}]}<\/script>\n<!-- \/ Yoast SEO plugin. -->","yoast_head_json":{"title":"Proje Ta\u015f\u0131mac\u0131l\u0131\u011f\u0131 Hizmeti - Proges Lojistik","robots":{"index":"index","follow":"follow","max-snippet":"max-snippet:-1","max-image-preview":"max-image-preview:large","max-video-preview":"max-video-preview:-1"},"canonical":"https:\/\/progeslojistik.com\/?p=44","og_locale":"tr_TR","og_type":"article","og_title":"Proje Ta\u015f\u0131mac\u0131l\u0131\u011f\u0131 Hizmeti - Proges Lojistik","og_description":"B\u00fcy\u00fck Y\u00fckler \u0130\u00e7in G\u00fcvenli ve Profesyonel \u00c7\u00f6z\u00fcmler Proje ta\u015f\u0131mac\u0131l\u0131\u011f\u0131, b\u00fcy\u00fck, a\u011f\u0131r ve \u00f6zel ta\u015f\u0131mac\u0131l\u0131k gerektiren y\u00fcklerin g\u00fcvenli bir \u015fekilde ta\u015f\u0131nmas\u0131 i\u00e7in sundu\u011fumuz \u00f6zelle\u015ftirilmi\u015f bir hizmettir. End\u00fcstriyel makineler, in\u015faat ekipmanlar\u0131, a\u011f\u0131r makineler, mod\u00fcler yap\u0131 elemanlar\u0131 ve daha fazlas\u0131 gibi b\u00fcy\u00fck projelere ait y\u00fcklerin ta\u015f\u0131nmas\u0131nda uzmanla\u015fm\u0131\u015f bir hizmet sunuyoruz. Her proje, kendine \u00f6zg\u00fc gereksinimlere ve zorluklara sahiptir. Bu nedenle, ta\u015f\u0131ma s\u00fcrecini planlarken, &hellip;","og_url":"https:\/\/progeslojistik.com\/?p=44","og_site_name":"Proges Lojistik","article_published_time":"2016-05-12T10:07:12+00:00","article_modified_time":"2025-01-14T13:01:23+00:00","og_image":[{"width":800,"height":600,"url":"https:\/\/progeslojistik.com\/wp-content\/uploads\/2016\/05\/agir-gabari-ve-proje-tasimaciliginda-dikkat-edilmesi-gerekenler.jpg","type":"image\/jpeg"}],"author":"admin","twitter_card":"summary_large_image","twitter_misc":{"Yazan:":"admin","Tahmini okuma s\u00fcresi":"2 dakika"},"schema":{"@context":"https:\/\/schema.org","@graph":[{"@type":"Article","@id":"https:\/\/progeslojistik.com\/?p=44#article","isPartOf":{"@id":"https:\/\/progeslojistik.com\/?p=44"},"author":{"name":"admin","@id":"https:\/\/progeslojistik.com\/#\/schema\/person\/7a7e93d71e8ec8160b77f3f909ab7233"},"headline":"Proje Ta\u015f\u0131mac\u0131l\u0131\u011f\u0131 Hizmeti","datePublished":"2016-05-12T10:07:12+00:00","dateModified":"2025-01-14T13:01:23+00:00","mainEntityOfPage":{"@id":"https:\/\/progeslojistik.com\/?p=44"},"wordCount":258,"publisher":{"@id":"https:\/\/progeslojistik.com\/#organization"},"image":{"@id":"https:\/\/progeslojistik.com\/?p=44#primaryimage"},"thumbnailUrl":"https:\/\/progeslojistik.com\/wp-content\/uploads\/2016\/05\/agir-gabari-ve-proje-tasimaciliginda-dikkat-edilmesi-gerekenler.jpg","articleSection":["Education"],"inLanguage":"tr"},{"@type":"WebPage","@id":"https:\/\/progeslojistik.com\/?p=44","url":"https:\/\/progeslojistik.com\/?p=44","name":"Proje Ta\u015f\u0131mac\u0131l\u0131\u011f\u0131 Hizmeti - Proges Lojistik","isPartOf":{"@id":"https:\/\/progeslojistik.com\/#website"},"primaryImageOfPage":{"@id":"https:\/\/progeslojistik.com\/?p=44#primaryimage"},"image":{"@id":"https:\/\/progeslojistik.com\/?p=44#primaryimage"},"thumbnailUrl":"https:\/\/progeslojistik.com\/wp-content\/uploads\/2016\/05\/agir-gabari-ve-proje-tasimaciliginda-dikkat-edilmesi-gerekenler.jpg","datePublished":"2016-05-12T10:07:12+00:00","dateModified":"2025-01-14T13:01:23+00:00","breadcrumb":{"@id":"https:\/\/progeslojistik.com\/?p=44#breadcrumb"},"inLanguage":"tr","potentialAction":[{"@type":"ReadAction","target":["https:\/\/progeslojistik.com\/?p=44"]}]},{"@type":"ImageObject","inLanguage":"tr","@id":"https:\/\/progeslojistik.com\/?p=44#primaryimage","url":"https:\/\/progeslojistik.com\/wp-content\/uploads\/2016\/05\/agir-gabari-ve-proje-tasimaciliginda-dikkat-edilmesi-gerekenler.jpg","contentUrl":"https:\/\/progeslojistik.com\/wp-content\/uploads\/2016\/05\/agir-gabari-ve-proje-tasimaciliginda-dikkat-edilmesi-gerekenler.jpg","width":800,"height":600},{"@type":"BreadcrumbList","@id":"https:\/\/progeslojistik.com\/?p=44#breadcrumb","itemListElement":[{"@type":"ListItem","position":1,"name":"Anasayfa","item":"https:\/\/progeslojistik.com\/?page_id=302"},{"@type":"ListItem","position":2,"name":"Proje Ta\u015f\u0131mac\u0131l\u0131\u011f\u0131 Hizmeti"}]},{"@type":"WebSite","@id":"https:\/\/progeslojistik.com\/#website","url":"https:\/\/progeslojistik.com\/","name":"Proges Lojistik","description":"","publisher":{"@id":"https:\/\/progeslojistik.com\/#organization"},"potentialAction":[{"@type":"SearchAction","target":{"@type":"EntryPoint","urlTemplate":"https:\/\/progeslojistik.com\/?s={search_term_string}"},"query-input":{"@type":"PropertyValueSpecification","valueRequired":true,"valueName":"search_term_string"}}],"inLanguage":"tr"},{"@type":"Organization","@id":"https:\/\/progeslojistik.com\/#organization","name":"Proges Lojistik","url":"https:\/\/progeslojistik.com\/","logo":{"@type":"ImageObject","inLanguage":"tr","@id":"https:\/\/progeslojistik.com\/#\/schema\/logo\/image\/","url":"https:\/\/progeslojistik.com\/wp-content\/uploads\/2025\/01\/cropped-progeslogo.png","contentUrl":"https:\/\/progeslojistik.com\/wp-content\/uploads\/2025\/01\/cropped-progeslogo.png","width":105,"height":105,"caption":"Proges Lojistik"},"image":{"@id":"https:\/\/progeslojistik.com\/#\/schema\/logo\/image\/"}},{"@type":"Person","@id":"https:\/\/progeslojistik.com\/#\/schema\/person\/7a7e93d71e8ec8160b77f3f909ab7233","name":"admin","sameAs":["https:\/\/progeslojistik.com"],"url":"https:\/\/progeslojistik.com\/?author=1"}]}},"_links":{"self":[{"href":"https:\/\/progeslojistik.com\/index.php?rest_route=\/wp\/v2\/posts\/44","targetHints":{"allow":["GET"]}}],"collection":[{"href":"https:\/\/progeslojistik.com\/index.php?rest_route=\/wp\/v2\/posts"}],"about":[{"href":"https:\/\/progeslojistik.com\/index.php?rest_route=\/wp\/v2\/types\/post"}],"author":[{"embeddable":true,"href":"https:\/\/progeslojistik.com\/index.php?rest_route=\/wp\/v2\/users\/1"}],"replies":[{"embeddable":true,"href":"https:\/\/progeslojistik.com\/index.php?rest_route=%2Fwp%2Fv2%2Fcomments&post=44"}],"version-history":[{"count":1,"href":"https:\/\/progeslojistik.com\/index.php?rest_route=\/wp\/v2\/posts\/44\/revisions"}],"predecessor-version":[{"id":491,"href":"https:\/\/progeslojistik.com\/index.php?rest_route=\/wp\/v2\/posts\/44\/revisions\/491"}],"wp:featuredmedia":[{"embeddable":true,"href":"https:\/\/progeslojistik.com\/index.php?rest_route=\/wp\/v2\/media\/492"}],"wp:attachment":[{"href":"https:\/\/progeslojistik.com\/index.php?rest_route=%2Fwp%2Fv2%2Fmedia&parent=44"}],"wp:term":[{"taxonomy":"category","embeddable":true,"href":"https:\/\/progeslojistik.com\/index.php?rest_route=%2Fwp%2Fv2%2Fcategories&post=44"},{"taxonomy":"post_tag","embeddable":true,"href":"https:\/\/progeslojistik.com\/index.php?rest_route=%2Fwp%2Fv2%2Ftags&post=44"}],"curies":[{"name":"wp","href":"https:\/\/api.w.org\/{rel}","templated":true}]}}