{"id":42,"date":"2016-05-12T10:05:04","date_gmt":"2016-05-12T10:05:04","guid":{"rendered":"http:\/\/raratheme.com\/preview\/benevolent\/?p=42"},"modified":"2025-01-14T12:58:00","modified_gmt":"2025-01-14T12:58:00","slug":"secondary-schooling","status":"publish","type":"post","link":"https:\/\/progeslojistik.com\/?p=42","title":{"rendered":"Express Mini Van Ta\u015f\u0131mac\u0131l\u0131k Hizmeti"},"content":{"rendered":"<p><strong>Express Mini Van Ta\u015f\u0131mac\u0131l\u0131k Hizmeti: H\u0131zl\u0131, G\u00fcvenli ve Ekonomik \u00c7\u00f6z\u00fcmler<\/strong><\/p>\n<p>Express mini van ta\u015f\u0131mac\u0131l\u0131\u011f\u0131, h\u0131zl\u0131 ve esnek teslimatlar i\u00e7in ideal bir \u00e7\u00f6z\u00fcmd\u00fcr. K\u00fc\u00e7\u00fck ve orta boyutlu y\u00fcklerinizi, zaman\u0131nda ve g\u00fcvenli bir \u015fekilde istedi\u011finiz adrese ula\u015ft\u0131r\u0131yoruz. \u00d6zellikle acil g\u00f6nderiler, bireysel ta\u015f\u0131malar veya k\u00fc\u00e7\u00fck i\u015fletmelerin ihtiya\u00e7lar\u0131 i\u00e7in m\u00fckemmel bir tercihtir.<\/p>\n<p>Mini van ta\u015f\u0131mac\u0131l\u0131\u011f\u0131, b\u00fcy\u00fck ara\u00e7lara g\u00f6re daha ekonomik olup, s\u0131k\u0131\u015f\u0131k ve dar alanlarda kolayca hareket edebilme avantaj\u0131 sunar. Y\u00fcklerinizi h\u0131zl\u0131 ve g\u00fcvenli bir \u015fekilde ta\u015f\u0131yabilmek i\u00e7in modern ara\u00e7lar ve deneyimli s\u00fcr\u00fcc\u00fclerle hizmet veriyoruz. H\u0131zl\u0131 teslimat garantisi ve her t\u00fcrl\u00fc y\u00fck\u00fc ta\u015f\u0131yabilme kapasitesine sahip olan mini vanlar\u0131m\u0131zla, ihtiya\u00e7lar\u0131n\u0131za uygun \u00e7\u00f6z\u00fcmler sunuyoruz.<\/p>\n<p>Ayr\u0131ca, ta\u015f\u0131ma s\u00fcreci boyunca y\u00fcklerinizin takibini yapabilir, y\u00fcksek g\u00fcvenlik \u00f6nlemleriyle ta\u015f\u0131mac\u0131l\u0131\u011f\u0131n\u0131z\u0131 daha verimli hale getirebilirsiniz. Express mini van ta\u015f\u0131mac\u0131l\u0131\u011f\u0131 hizmetimizle, k\u00fc\u00e7\u00fck hacimli y\u00fcklerinizi k\u0131sa s\u00fcrede ve uygun maliyetlerle ta\u015f\u0131man\u0131n rahatl\u0131\u011f\u0131n\u0131 ya\u015fay\u0131n.<\/p>\n<div class=\"wpb_text_column wpb_content_element \">\n<div class=\"wpb_wrapper\">\n<p><strong>Minivan Ara\u00e7 Teknik \u00d6zellikleri \u2013 Wolkwagen Crafter Euro6 Motor.<\/strong><\/p>\n<ul>\n<li>\u0130\u00e7 Uzunluk 4050<\/li>\n<li>\u0130\u00e7 Geni\u015flik 1832<\/li>\n<li>\u0130\u00e7 \u00c7amurluk Arkas\u0131 1380<\/li>\n<li>Arka Kap\u0131 Y\u00fckseklik 1861<\/li>\n<\/ul>\n<p><strong>Minivan Ara\u00e7 Teknik \u00d6zellikleri- Mercedes Sprinter Euro6 Motor.<\/strong><\/p>\n<ul>\n<li>\u0130\u00e7 Uzunluk 4070<\/li>\n<li>\u0130\u00e7 Geni\u015flik 1870<\/li>\n<li>\u0130\u00e7 \u00c7amurluk Arkas\u0131 1422<\/li>\n<li>Arka Kap\u0131 Y\u00fckseklik 1790<\/li>\n<\/ul>\n<p><strong>Minivan Ara\u00e7 Teknik \u00d6zellikleri-Fiat Ducato\u00a0 Euro6 Motor.<\/strong><\/p>\n<ul>\n<li>\u0130\u00e7 Uzunluk 4070<\/li>\n<li>\u0130\u00e7 Geni\u015flik 1870<\/li>\n<li>\u0130\u00e7 \u00c7amurluk Arkas\u0131 1422<\/li>\n<li>Arka Kap\u0131 Y\u00fckseklik 1790<\/li>\n<\/ul>\n<\/div>\n<\/div>\n","protected":false},"excerpt":{"rendered":"<p>Express Mini Van Ta\u015f\u0131mac\u0131l\u0131k Hizmeti: H\u0131zl\u0131, G\u00fcvenli ve Ekonomik \u00c7\u00f6z\u00fcmler Express mini van ta\u015f\u0131mac\u0131l\u0131\u011f\u0131, h\u0131zl\u0131 ve esnek teslimatlar i\u00e7in ideal bir \u00e7\u00f6z\u00fcmd\u00fcr. K\u00fc\u00e7\u00fck ve orta boyutlu y\u00fcklerinizi, zaman\u0131nda ve g\u00fcvenli bir \u015fekilde istedi\u011finiz adrese ula\u015ft\u0131r\u0131yoruz. \u00d6zellikle acil g\u00f6nderiler, bireysel ta\u015f\u0131malar veya k\u00fc\u00e7\u00fck i\u015fletmelerin ihtiya\u00e7lar\u0131 i\u00e7in m\u00fckemmel bir tercihtir. Mini van ta\u015f\u0131mac\u0131l\u0131\u011f\u0131, b\u00fcy\u00fck ara\u00e7lara g\u00f6re daha ekonomik olup, s\u0131k\u0131\u015f\u0131k ve dar &hellip; <\/p>\n","protected":false},"author":1,"featured_media":489,"comment_status":"closed","ping_status":"closed","sticky":false,"template":"","format":"standard","meta":{"footnotes":""},"categories":[3],"tags":[],"class_list":["post-42","post","type-post","status-publish","format-standard","has-post-thumbnail","hentry","category-education"],"yoast_head":"<!-- This site is optimized with the Yoast SEO plugin v24.1 - https:\/\/yoast.com\/wordpress\/plugins\/seo\/ -->\n<title>Express Mini Van Ta\u015f\u0131mac\u0131l\u0131k Hizmeti - Proges Lojistik<\/title>\n<meta name=\"robots\" content=\"index, follow, max-snippet:-1, max-image-preview:large, max-video-preview:-1\" \/>\n<link rel=\"canonical\" href=\"https:\/\/progeslojistik.com\/?p=42\" \/>\n<meta property=\"og:locale\" content=\"tr_TR\" \/>\n<meta property=\"og:type\" content=\"article\" \/>\n<meta property=\"og:title\" content=\"Express Mini Van Ta\u015f\u0131mac\u0131l\u0131k Hizmeti - Proges Lojistik\" \/>\n<meta property=\"og:description\" content=\"Express Mini Van Ta\u015f\u0131mac\u0131l\u0131k Hizmeti: H\u0131zl\u0131, G\u00fcvenli ve Ekonomik \u00c7\u00f6z\u00fcmler Express mini van ta\u015f\u0131mac\u0131l\u0131\u011f\u0131, h\u0131zl\u0131 ve esnek teslimatlar i\u00e7in ideal bir \u00e7\u00f6z\u00fcmd\u00fcr. K\u00fc\u00e7\u00fck ve orta boyutlu y\u00fcklerinizi, zaman\u0131nda ve g\u00fcvenli bir \u015fekilde istedi\u011finiz adrese ula\u015ft\u0131r\u0131yoruz. \u00d6zellikle acil g\u00f6nderiler, bireysel ta\u015f\u0131malar veya k\u00fc\u00e7\u00fck i\u015fletmelerin ihtiya\u00e7lar\u0131 i\u00e7in m\u00fckemmel bir tercihtir. Mini van ta\u015f\u0131mac\u0131l\u0131\u011f\u0131, b\u00fcy\u00fck ara\u00e7lara g\u00f6re daha ekonomik olup, s\u0131k\u0131\u015f\u0131k ve dar &hellip;\" \/>\n<meta property=\"og:url\" content=\"https:\/\/progeslojistik.com\/?p=42\" \/>\n<meta property=\"og:site_name\" content=\"Proges Lojistik\" \/>\n<meta property=\"article:published_time\" content=\"2016-05-12T10:05:04+00:00\" \/>\n<meta property=\"article:modified_time\" content=\"2025-01-14T12:58:00+00:00\" \/>\n<meta property=\"og:image\" content=\"https:\/\/progeslojistik.com\/wp-content\/uploads\/2016\/05\/minivan-express-tasimacilik-1.jpg\" \/>\n\t<meta property=\"og:image:width\" content=\"750\" \/>\n\t<meta property=\"og:image:height\" content=\"540\" \/>\n\t<meta property=\"og:image:type\" content=\"image\/jpeg\" \/>\n<meta name=\"author\" content=\"admin\" \/>\n<meta name=\"twitter:card\" content=\"summary_large_image\" \/>\n<meta name=\"twitter:label1\" content=\"Yazan:\" \/>\n\t<meta name=\"twitter:data1\" content=\"admin\" \/>\n\t<meta name=\"twitter:label2\" content=\"Tahmini okuma s\u00fcresi\" \/>\n\t<meta name=\"twitter:data2\" content=\"2 dakika\" \/>\n<script type=\"application\/ld+json\" class=\"yoast-schema-graph\">{\"@context\":\"https:\/\/schema.org\",\"@graph\":[{\"@type\":\"Article\",\"@id\":\"https:\/\/progeslojistik.com\/?p=42#article\",\"isPartOf\":{\"@id\":\"https:\/\/progeslojistik.com\/?p=42\"},\"author\":{\"name\":\"admin\",\"@id\":\"https:\/\/progeslojistik.com\/#\/schema\/person\/7a7e93d71e8ec8160b77f3f909ab7233\"},\"headline\":\"Express Mini Van Ta\u015f\u0131mac\u0131l\u0131k Hizmeti\",\"datePublished\":\"2016-05-12T10:05:04+00:00\",\"dateModified\":\"2025-01-14T12:58:00+00:00\",\"mainEntityOfPage\":{\"@id\":\"https:\/\/progeslojistik.com\/?p=42\"},\"wordCount\":262,\"publisher\":{\"@id\":\"https:\/\/progeslojistik.com\/#organization\"},\"image\":{\"@id\":\"https:\/\/progeslojistik.com\/?p=42#primaryimage\"},\"thumbnailUrl\":\"https:\/\/progeslojistik.com\/wp-content\/uploads\/2016\/05\/minivan-express-tasimacilik-1.jpg\",\"articleSection\":[\"Education\"],\"inLanguage\":\"tr\"},{\"@type\":\"WebPage\",\"@id\":\"https:\/\/progeslojistik.com\/?p=42\",\"url\":\"https:\/\/progeslojistik.com\/?p=42\",\"name\":\"Express Mini Van Ta\u015f\u0131mac\u0131l\u0131k Hizmeti - Proges Lojistik\",\"isPartOf\":{\"@id\":\"https:\/\/progeslojistik.com\/#website\"},\"primaryImageOfPage\":{\"@id\":\"https:\/\/progeslojistik.com\/?p=42#primaryimage\"},\"image\":{\"@id\":\"https:\/\/progeslojistik.com\/?p=42#primaryimage\"},\"thumbnailUrl\":\"https:\/\/progeslojistik.com\/wp-content\/uploads\/2016\/05\/minivan-express-tasimacilik-1.jpg\",\"datePublished\":\"2016-05-12T10:05:04+00:00\",\"dateModified\":\"2025-01-14T12:58:00+00:00\",\"breadcrumb\":{\"@id\":\"https:\/\/progeslojistik.com\/?p=42#breadcrumb\"},\"inLanguage\":\"tr\",\"potentialAction\":[{\"@type\":\"ReadAction\",\"target\":[\"https:\/\/progeslojistik.com\/?p=42\"]}]},{\"@type\":\"ImageObject\",\"inLanguage\":\"tr\",\"@id\":\"https:\/\/progeslojistik.com\/?p=42#primaryimage\",\"url\":\"https:\/\/progeslojistik.com\/wp-content\/uploads\/2016\/05\/minivan-express-tasimacilik-1.jpg\",\"contentUrl\":\"https:\/\/progeslojistik.com\/wp-content\/uploads\/2016\/05\/minivan-express-tasimacilik-1.jpg\",\"width\":750,\"height\":540},{\"@type\":\"BreadcrumbList\",\"@id\":\"https:\/\/progeslojistik.com\/?p=42#breadcrumb\",\"itemListElement\":[{\"@type\":\"ListItem\",\"position\":1,\"name\":\"Anasayfa\",\"item\":\"https:\/\/progeslojistik.com\/?page_id=302\"},{\"@type\":\"ListItem\",\"position\":2,\"name\":\"Express Mini Van Ta\u015f\u0131mac\u0131l\u0131k Hizmeti\"}]},{\"@type\":\"WebSite\",\"@id\":\"https:\/\/progeslojistik.com\/#website\",\"url\":\"https:\/\/progeslojistik.com\/\",\"name\":\"Proges Lojistik\",\"description\":\"\",\"publisher\":{\"@id\":\"https:\/\/progeslojistik.com\/#organization\"},\"potentialAction\":[{\"@type\":\"SearchAction\",\"target\":{\"@type\":\"EntryPoint\",\"urlTemplate\":\"https:\/\/progeslojistik.com\/?s={search_term_string}\"},\"query-input\":{\"@type\":\"PropertyValueSpecification\",\"valueRequired\":true,\"valueName\":\"search_term_string\"}}],\"inLanguage\":\"tr\"},{\"@type\":\"Organization\",\"@id\":\"https:\/\/progeslojistik.com\/#organization\",\"name\":\"Proges Lojistik\",\"url\":\"https:\/\/progeslojistik.com\/\",\"logo\":{\"@type\":\"ImageObject\",\"inLanguage\":\"tr\",\"@id\":\"https:\/\/progeslojistik.com\/#\/schema\/logo\/image\/\",\"url\":\"https:\/\/progeslojistik.com\/wp-content\/uploads\/2025\/01\/cropped-progeslogo.png\",\"contentUrl\":\"https:\/\/progeslojistik.com\/wp-content\/uploads\/2025\/01\/cropped-progeslogo.png\",\"width\":105,\"height\":105,\"caption\":\"Proges Lojistik\"},\"image\":{\"@id\":\"https:\/\/progeslojistik.com\/#\/schema\/logo\/image\/\"}},{\"@type\":\"Person\",\"@id\":\"https:\/\/progeslojistik.com\/#\/schema\/person\/7a7e93d71e8ec8160b77f3f909ab7233\",\"name\":\"admin\",\"sameAs\":[\"https:\/\/progeslojistik.com\"],\"url\":\"https:\/\/progeslojistik.com\/?author=1\"}]}<\/script>\n<!-- \/ Yoast SEO plugin. -->","yoast_head_json":{"title":"Express Mini Van Ta\u015f\u0131mac\u0131l\u0131k Hizmeti - Proges Lojistik","robots":{"index":"index","follow":"follow","max-snippet":"max-snippet:-1","max-image-preview":"max-image-preview:large","max-video-preview":"max-video-preview:-1"},"canonical":"https:\/\/progeslojistik.com\/?p=42","og_locale":"tr_TR","og_type":"article","og_title":"Express Mini Van Ta\u015f\u0131mac\u0131l\u0131k Hizmeti - Proges Lojistik","og_description":"Express Mini Van Ta\u015f\u0131mac\u0131l\u0131k Hizmeti: H\u0131zl\u0131, G\u00fcvenli ve Ekonomik \u00c7\u00f6z\u00fcmler Express mini van ta\u015f\u0131mac\u0131l\u0131\u011f\u0131, h\u0131zl\u0131 ve esnek teslimatlar i\u00e7in ideal bir \u00e7\u00f6z\u00fcmd\u00fcr. K\u00fc\u00e7\u00fck ve orta boyutlu y\u00fcklerinizi, zaman\u0131nda ve g\u00fcvenli bir \u015fekilde istedi\u011finiz adrese ula\u015ft\u0131r\u0131yoruz. \u00d6zellikle acil g\u00f6nderiler, bireysel ta\u015f\u0131malar veya k\u00fc\u00e7\u00fck i\u015fletmelerin ihtiya\u00e7lar\u0131 i\u00e7in m\u00fckemmel bir tercihtir. Mini van ta\u015f\u0131mac\u0131l\u0131\u011f\u0131, b\u00fcy\u00fck ara\u00e7lara g\u00f6re daha ekonomik olup, s\u0131k\u0131\u015f\u0131k ve dar &hellip;","og_url":"https:\/\/progeslojistik.com\/?p=42","og_site_name":"Proges Lojistik","article_published_time":"2016-05-12T10:05:04+00:00","article_modified_time":"2025-01-14T12:58:00+00:00","og_image":[{"width":750,"height":540,"url":"https:\/\/progeslojistik.com\/wp-content\/uploads\/2016\/05\/minivan-express-tasimacilik-1.jpg","type":"image\/jpeg"}],"author":"admin","twitter_card":"summary_large_image","twitter_misc":{"Yazan:":"admin","Tahmini okuma s\u00fcresi":"2 dakika"},"schema":{"@context":"https:\/\/schema.org","@graph":[{"@type":"Article","@id":"https:\/\/progeslojistik.com\/?p=42#article","isPartOf":{"@id":"https:\/\/progeslojistik.com\/?p=42"},"author":{"name":"admin","@id":"https:\/\/progeslojistik.com\/#\/schema\/person\/7a7e93d71e8ec8160b77f3f909ab7233"},"headline":"Express Mini Van Ta\u015f\u0131mac\u0131l\u0131k Hizmeti","datePublished":"2016-05-12T10:05:04+00:00","dateModified":"2025-01-14T12:58:00+00:00","mainEntityOfPage":{"@id":"https:\/\/progeslojistik.com\/?p=42"},"wordCount":262,"publisher":{"@id":"https:\/\/progeslojistik.com\/#organization"},"image":{"@id":"https:\/\/progeslojistik.com\/?p=42#primaryimage"},"thumbnailUrl":"https:\/\/progeslojistik.com\/wp-content\/uploads\/2016\/05\/minivan-express-tasimacilik-1.jpg","articleSection":["Education"],"inLanguage":"tr"},{"@type":"WebPage","@id":"https:\/\/progeslojistik.com\/?p=42","url":"https:\/\/progeslojistik.com\/?p=42","name":"Express Mini Van Ta\u015f\u0131mac\u0131l\u0131k Hizmeti - Proges Lojistik","isPartOf":{"@id":"https:\/\/progeslojistik.com\/#website"},"primaryImageOfPage":{"@id":"https:\/\/progeslojistik.com\/?p=42#primaryimage"},"image":{"@id":"https:\/\/progeslojistik.com\/?p=42#primaryimage"},"thumbnailUrl":"https:\/\/progeslojistik.com\/wp-content\/uploads\/2016\/05\/minivan-express-tasimacilik-1.jpg","datePublished":"2016-05-12T10:05:04+00:00","dateModified":"2025-01-14T12:58:00+00:00","breadcrumb":{"@id":"https:\/\/progeslojistik.com\/?p=42#breadcrumb"},"inLanguage":"tr","potentialAction":[{"@type":"ReadAction","target":["https:\/\/progeslojistik.com\/?p=42"]}]},{"@type":"ImageObject","inLanguage":"tr","@id":"https:\/\/progeslojistik.com\/?p=42#primaryimage","url":"https:\/\/progeslojistik.com\/wp-content\/uploads\/2016\/05\/minivan-express-tasimacilik-1.jpg","contentUrl":"https:\/\/progeslojistik.com\/wp-content\/uploads\/2016\/05\/minivan-express-tasimacilik-1.jpg","width":750,"height":540},{"@type":"BreadcrumbList","@id":"https:\/\/progeslojistik.com\/?p=42#breadcrumb","itemListElement":[{"@type":"ListItem","position":1,"name":"Anasayfa","item":"https:\/\/progeslojistik.com\/?page_id=302"},{"@type":"ListItem","position":2,"name":"Express Mini Van Ta\u015f\u0131mac\u0131l\u0131k Hizmeti"}]},{"@type":"WebSite","@id":"https:\/\/progeslojistik.com\/#website","url":"https:\/\/progeslojistik.com\/","name":"Proges Lojistik","description":"","publisher":{"@id":"https:\/\/progeslojistik.com\/#organization"},"potentialAction":[{"@type":"SearchAction","target":{"@type":"EntryPoint","urlTemplate":"https:\/\/progeslojistik.com\/?s={search_term_string}"},"query-input":{"@type":"PropertyValueSpecification","valueRequired":true,"valueName":"search_term_string"}}],"inLanguage":"tr"},{"@type":"Organization","@id":"https:\/\/progeslojistik.com\/#organization","name":"Proges Lojistik","url":"https:\/\/progeslojistik.com\/","logo":{"@type":"ImageObject","inLanguage":"tr","@id":"https:\/\/progeslojistik.com\/#\/schema\/logo\/image\/","url":"https:\/\/progeslojistik.com\/wp-content\/uploads\/2025\/01\/cropped-progeslogo.png","contentUrl":"https:\/\/progeslojistik.com\/wp-content\/uploads\/2025\/01\/cropped-progeslogo.png","width":105,"height":105,"caption":"Proges Lojistik"},"image":{"@id":"https:\/\/progeslojistik.com\/#\/schema\/logo\/image\/"}},{"@type":"Person","@id":"https:\/\/progeslojistik.com\/#\/schema\/person\/7a7e93d71e8ec8160b77f3f909ab7233","name":"admin","sameAs":["https:\/\/progeslojistik.com"],"url":"https:\/\/progeslojistik.com\/?author=1"}]}},"_links":{"self":[{"href":"https:\/\/progeslojistik.com\/index.php?rest_route=\/wp\/v2\/posts\/42","targetHints":{"allow":["GET"]}}],"collection":[{"href":"https:\/\/progeslojistik.com\/index.php?rest_route=\/wp\/v2\/posts"}],"about":[{"href":"https:\/\/progeslojistik.com\/index.php?rest_route=\/wp\/v2\/types\/post"}],"author":[{"embeddable":true,"href":"https:\/\/progeslojistik.com\/index.php?rest_route=\/wp\/v2\/users\/1"}],"replies":[{"embeddable":true,"href":"https:\/\/progeslojistik.com\/index.php?rest_route=%2Fwp%2Fv2%2Fcomments&post=42"}],"version-history":[{"count":1,"href":"https:\/\/progeslojistik.com\/index.php?rest_route=\/wp\/v2\/posts\/42\/revisions"}],"predecessor-version":[{"id":490,"href":"https:\/\/progeslojistik.com\/index.php?rest_route=\/wp\/v2\/posts\/42\/revisions\/490"}],"wp:featuredmedia":[{"embeddable":true,"href":"https:\/\/progeslojistik.com\/index.php?rest_route=\/wp\/v2\/media\/489"}],"wp:attachment":[{"href":"https:\/\/progeslojistik.com\/index.php?rest_route=%2Fwp%2Fv2%2Fmedia&parent=42"}],"wp:term":[{"taxonomy":"category","embeddable":true,"href":"https:\/\/progeslojistik.com\/index.php?rest_route=%2Fwp%2Fv2%2Fcategories&post=42"},{"taxonomy":"post_tag","embeddable":true,"href":"https:\/\/progeslojistik.com\/index.php?rest_route=%2Fwp%2Fv2%2Ftags&post=42"}],"curies":[{"name":"wp","href":"https:\/\/api.w.org\/{rel}","templated":true}]}}