{"id":40,"date":"2016-05-12T10:00:34","date_gmt":"2016-05-12T10:00:34","guid":{"rendered":"http:\/\/raratheme.com\/preview\/benevolent\/?p=40"},"modified":"2025-01-14T13:03:37","modified_gmt":"2025-01-14T13:03:37","slug":"phnom-penh-cambodia","status":"publish","type":"post","link":"https:\/\/progeslojistik.com\/?p=40","title":{"rendered":"Parsiyel Y\u00fck Ta\u015f\u0131mac\u0131l\u0131\u011f\u0131"},"content":{"rendered":"<p><strong>Ekonomik ve Verimli Ta\u015f\u0131ma \u00c7\u00f6z\u00fcmleri<\/strong><\/p>\n<p>Parsiyel y\u00fck ta\u015f\u0131mac\u0131l\u0131\u011f\u0131, k\u00fc\u00e7\u00fck ve orta boyutlu y\u00fcklerin, tam y\u00fck ta\u015f\u0131mac\u0131l\u0131\u011f\u0131na g\u00f6re daha ekonomik bir \u015fekilde ta\u015f\u0131nmas\u0131n\u0131 sa\u011flayan bir \u00e7\u00f6z\u00fcmd\u00fcr. Bu hizmet, farkl\u0131 m\u00fc\u015fterilere ait y\u00fcklerin birle\u015ftirilerek tek bir ta\u015f\u0131ma arac\u0131nda ta\u015f\u0131nmas\u0131n\u0131 m\u00fcmk\u00fcn k\u0131lar. B\u00f6ylece ta\u015f\u0131ma maliyetleri payla\u015f\u0131l\u0131r, daha d\u00fc\u015f\u00fck bir fiyatla ta\u015f\u0131ma yap\u0131l\u0131r.<\/p>\n<p>Parsiyel y\u00fck ta\u015f\u0131mac\u0131l\u0131\u011f\u0131, \u00f6zellikle k\u00fc\u00e7\u00fck i\u015fletmeler veya d\u00fczenli sevkiyat yapmayan firmalar i\u00e7in m\u00fckemmel bir se\u00e7enek sunar. Y\u00fck\u00fcn\u00fcz\u00fcn ta\u015f\u0131ma maliyeti, ta\u015f\u0131ma arac\u0131n\u0131n tamam\u0131n\u0131 kullanmad\u0131\u011f\u0131n\u0131z i\u00e7in daha d\u00fc\u015f\u00fck olur. Y\u00fck\u00fcn\u00fcz\u00fcn g\u00fcvenli\u011fi, zaman\u0131nda teslimat ve izlenebilirlik gibi t\u00fcm lojistik hizmetleri de ayn\u0131 \u015fekilde sa\u011flan\u0131r.<\/p>\n<p>Bu hizmet, hem zaman hem de maliyet a\u00e7\u0131s\u0131ndan b\u00fcy\u00fck avantajlar sa\u011flar. K\u00fc\u00e7\u00fck y\u00fcklerinizi daha b\u00fcy\u00fck y\u00fcklerle birle\u015ftirerek ta\u015f\u0131man\u0131n verimli ve h\u0131zl\u0131 bir yoludur. Parsiyel y\u00fck ta\u015f\u0131mac\u0131l\u0131\u011f\u0131 ile hem ekonominizi korur hem de lojistik s\u00fcre\u00e7lerinizi daha verimli hale getirebilirsiniz.<\/p>\n<p><strong>Parsiyel y\u00fck ta\u015f\u0131mac\u0131l\u0131\u011f\u0131 hesaplamalar\u0131 i\u00e7in \u015fu form\u00fclleri kullanabilirsiniz:<\/strong><\/p>\n<ul>\n<li><strong>M3 hesaplamas\u0131:<\/strong> EN x BOY x Y\u00dcKSEKL\u0130K x ADET<\/li>\n<li><strong>M3 = 333 kg<\/strong><\/li>\n<li><strong>Ton = 3 m3<\/strong><\/li>\n<li><strong>LDM = 1750 kg<\/strong><\/li>\n<\/ul>\n<p>Parsiyel y\u00fck ta\u015f\u0131mac\u0131l\u0131\u011f\u0131 hizmetimizle, her t\u00fcrl\u00fc ta\u015f\u0131mac\u0131l\u0131k ihtiyac\u0131n\u0131zda en g\u00fcvenli, en h\u0131zl\u0131 ve en uygun fiyatl\u0131 \u00e7\u00f6z\u00fcmleri sunuyoruz.<\/p>\n","protected":false},"excerpt":{"rendered":"<p>Ekonomik ve Verimli Ta\u015f\u0131ma \u00c7\u00f6z\u00fcmleri Parsiyel y\u00fck ta\u015f\u0131mac\u0131l\u0131\u011f\u0131, k\u00fc\u00e7\u00fck ve orta boyutlu y\u00fcklerin, tam y\u00fck ta\u015f\u0131mac\u0131l\u0131\u011f\u0131na g\u00f6re daha ekonomik bir \u015fekilde ta\u015f\u0131nmas\u0131n\u0131 sa\u011flayan bir \u00e7\u00f6z\u00fcmd\u00fcr. Bu hizmet, farkl\u0131 m\u00fc\u015fterilere ait y\u00fcklerin birle\u015ftirilerek tek bir ta\u015f\u0131ma arac\u0131nda ta\u015f\u0131nmas\u0131n\u0131 m\u00fcmk\u00fcn k\u0131lar. B\u00f6ylece ta\u015f\u0131ma maliyetleri payla\u015f\u0131l\u0131r, daha d\u00fc\u015f\u00fck bir fiyatla ta\u015f\u0131ma yap\u0131l\u0131r. Parsiyel y\u00fck ta\u015f\u0131mac\u0131l\u0131\u011f\u0131, \u00f6zellikle k\u00fc\u00e7\u00fck i\u015fletmeler veya d\u00fczenli sevkiyat yapmayan firmalar &hellip; <\/p>\n","protected":false},"author":1,"featured_media":487,"comment_status":"closed","ping_status":"closed","sticky":false,"template":"","format":"standard","meta":{"footnotes":""},"categories":[2],"tags":[],"class_list":["post-40","post","type-post","status-publish","format-standard","has-post-thumbnail","hentry","category-countries"],"yoast_head":"<!-- This site is optimized with the Yoast SEO plugin v24.1 - https:\/\/yoast.com\/wordpress\/plugins\/seo\/ -->\n<title>Parsiyel Y\u00fck Ta\u015f\u0131mac\u0131l\u0131\u011f\u0131 - Proges Lojistik<\/title>\n<meta name=\"robots\" content=\"index, follow, max-snippet:-1, max-image-preview:large, max-video-preview:-1\" \/>\n<link rel=\"canonical\" href=\"https:\/\/progeslojistik.com\/?p=40\" \/>\n<meta property=\"og:locale\" content=\"tr_TR\" \/>\n<meta property=\"og:type\" content=\"article\" \/>\n<meta property=\"og:title\" content=\"Parsiyel Y\u00fck Ta\u015f\u0131mac\u0131l\u0131\u011f\u0131 - Proges Lojistik\" \/>\n<meta property=\"og:description\" content=\"Ekonomik ve Verimli Ta\u015f\u0131ma \u00c7\u00f6z\u00fcmleri Parsiyel y\u00fck ta\u015f\u0131mac\u0131l\u0131\u011f\u0131, k\u00fc\u00e7\u00fck ve orta boyutlu y\u00fcklerin, tam y\u00fck ta\u015f\u0131mac\u0131l\u0131\u011f\u0131na g\u00f6re daha ekonomik bir \u015fekilde ta\u015f\u0131nmas\u0131n\u0131 sa\u011flayan bir \u00e7\u00f6z\u00fcmd\u00fcr. Bu hizmet, farkl\u0131 m\u00fc\u015fterilere ait y\u00fcklerin birle\u015ftirilerek tek bir ta\u015f\u0131ma arac\u0131nda ta\u015f\u0131nmas\u0131n\u0131 m\u00fcmk\u00fcn k\u0131lar. B\u00f6ylece ta\u015f\u0131ma maliyetleri payla\u015f\u0131l\u0131r, daha d\u00fc\u015f\u00fck bir fiyatla ta\u015f\u0131ma yap\u0131l\u0131r. Parsiyel y\u00fck ta\u015f\u0131mac\u0131l\u0131\u011f\u0131, \u00f6zellikle k\u00fc\u00e7\u00fck i\u015fletmeler veya d\u00fczenli sevkiyat yapmayan firmalar &hellip;\" \/>\n<meta property=\"og:url\" content=\"https:\/\/progeslojistik.com\/?p=40\" \/>\n<meta property=\"og:site_name\" content=\"Proges Lojistik\" \/>\n<meta property=\"article:published_time\" content=\"2016-05-12T10:00:34+00:00\" \/>\n<meta property=\"article:modified_time\" content=\"2025-01-14T13:03:37+00:00\" \/>\n<meta property=\"og:image\" content=\"https:\/\/progeslojistik.com\/wp-content\/uploads\/2016\/05\/parsiyel-tasimacilik.jpg\" \/>\n\t<meta property=\"og:image:width\" content=\"800\" \/>\n\t<meta property=\"og:image:height\" content=\"480\" \/>\n\t<meta property=\"og:image:type\" content=\"image\/jpeg\" \/>\n<meta name=\"author\" content=\"admin\" \/>\n<meta name=\"twitter:card\" content=\"summary_large_image\" \/>\n<meta name=\"twitter:label1\" content=\"Yazan:\" \/>\n\t<meta name=\"twitter:data1\" content=\"admin\" \/>\n\t<meta name=\"twitter:label2\" content=\"Tahmini okuma s\u00fcresi\" \/>\n\t<meta name=\"twitter:data2\" content=\"2 dakika\" \/>\n<script type=\"application\/ld+json\" class=\"yoast-schema-graph\">{\"@context\":\"https:\/\/schema.org\",\"@graph\":[{\"@type\":\"Article\",\"@id\":\"https:\/\/progeslojistik.com\/?p=40#article\",\"isPartOf\":{\"@id\":\"https:\/\/progeslojistik.com\/?p=40\"},\"author\":{\"name\":\"admin\",\"@id\":\"https:\/\/progeslojistik.com\/#\/schema\/person\/7a7e93d71e8ec8160b77f3f909ab7233\"},\"headline\":\"Parsiyel Y\u00fck Ta\u015f\u0131mac\u0131l\u0131\u011f\u0131\",\"datePublished\":\"2016-05-12T10:00:34+00:00\",\"dateModified\":\"2025-01-14T13:03:37+00:00\",\"mainEntityOfPage\":{\"@id\":\"https:\/\/progeslojistik.com\/?p=40\"},\"wordCount\":280,\"publisher\":{\"@id\":\"https:\/\/progeslojistik.com\/#organization\"},\"image\":{\"@id\":\"https:\/\/progeslojistik.com\/?p=40#primaryimage\"},\"thumbnailUrl\":\"https:\/\/progeslojistik.com\/wp-content\/uploads\/2016\/05\/parsiyel-tasimacilik.jpg\",\"articleSection\":[\"Countries\"],\"inLanguage\":\"tr\"},{\"@type\":\"WebPage\",\"@id\":\"https:\/\/progeslojistik.com\/?p=40\",\"url\":\"https:\/\/progeslojistik.com\/?p=40\",\"name\":\"Parsiyel Y\u00fck Ta\u015f\u0131mac\u0131l\u0131\u011f\u0131 - Proges Lojistik\",\"isPartOf\":{\"@id\":\"https:\/\/progeslojistik.com\/#website\"},\"primaryImageOfPage\":{\"@id\":\"https:\/\/progeslojistik.com\/?p=40#primaryimage\"},\"image\":{\"@id\":\"https:\/\/progeslojistik.com\/?p=40#primaryimage\"},\"thumbnailUrl\":\"https:\/\/progeslojistik.com\/wp-content\/uploads\/2016\/05\/parsiyel-tasimacilik.jpg\",\"datePublished\":\"2016-05-12T10:00:34+00:00\",\"dateModified\":\"2025-01-14T13:03:37+00:00\",\"breadcrumb\":{\"@id\":\"https:\/\/progeslojistik.com\/?p=40#breadcrumb\"},\"inLanguage\":\"tr\",\"potentialAction\":[{\"@type\":\"ReadAction\",\"target\":[\"https:\/\/progeslojistik.com\/?p=40\"]}]},{\"@type\":\"ImageObject\",\"inLanguage\":\"tr\",\"@id\":\"https:\/\/progeslojistik.com\/?p=40#primaryimage\",\"url\":\"https:\/\/progeslojistik.com\/wp-content\/uploads\/2016\/05\/parsiyel-tasimacilik.jpg\",\"contentUrl\":\"https:\/\/progeslojistik.com\/wp-content\/uploads\/2016\/05\/parsiyel-tasimacilik.jpg\",\"width\":800,\"height\":480},{\"@type\":\"BreadcrumbList\",\"@id\":\"https:\/\/progeslojistik.com\/?p=40#breadcrumb\",\"itemListElement\":[{\"@type\":\"ListItem\",\"position\":1,\"name\":\"Anasayfa\",\"item\":\"https:\/\/progeslojistik.com\/?page_id=302\"},{\"@type\":\"ListItem\",\"position\":2,\"name\":\"Parsiyel Y\u00fck Ta\u015f\u0131mac\u0131l\u0131\u011f\u0131\"}]},{\"@type\":\"WebSite\",\"@id\":\"https:\/\/progeslojistik.com\/#website\",\"url\":\"https:\/\/progeslojistik.com\/\",\"name\":\"Proges Lojistik\",\"description\":\"\",\"publisher\":{\"@id\":\"https:\/\/progeslojistik.com\/#organization\"},\"potentialAction\":[{\"@type\":\"SearchAction\",\"target\":{\"@type\":\"EntryPoint\",\"urlTemplate\":\"https:\/\/progeslojistik.com\/?s={search_term_string}\"},\"query-input\":{\"@type\":\"PropertyValueSpecification\",\"valueRequired\":true,\"valueName\":\"search_term_string\"}}],\"inLanguage\":\"tr\"},{\"@type\":\"Organization\",\"@id\":\"https:\/\/progeslojistik.com\/#organization\",\"name\":\"Proges Lojistik\",\"url\":\"https:\/\/progeslojistik.com\/\",\"logo\":{\"@type\":\"ImageObject\",\"inLanguage\":\"tr\",\"@id\":\"https:\/\/progeslojistik.com\/#\/schema\/logo\/image\/\",\"url\":\"https:\/\/progeslojistik.com\/wp-content\/uploads\/2025\/01\/cropped-progeslogo.png\",\"contentUrl\":\"https:\/\/progeslojistik.com\/wp-content\/uploads\/2025\/01\/cropped-progeslogo.png\",\"width\":105,\"height\":105,\"caption\":\"Proges Lojistik\"},\"image\":{\"@id\":\"https:\/\/progeslojistik.com\/#\/schema\/logo\/image\/\"}},{\"@type\":\"Person\",\"@id\":\"https:\/\/progeslojistik.com\/#\/schema\/person\/7a7e93d71e8ec8160b77f3f909ab7233\",\"name\":\"admin\",\"sameAs\":[\"https:\/\/progeslojistik.com\"],\"url\":\"https:\/\/progeslojistik.com\/?author=1\"}]}<\/script>\n<!-- \/ Yoast SEO plugin. -->","yoast_head_json":{"title":"Parsiyel Y\u00fck Ta\u015f\u0131mac\u0131l\u0131\u011f\u0131 - Proges Lojistik","robots":{"index":"index","follow":"follow","max-snippet":"max-snippet:-1","max-image-preview":"max-image-preview:large","max-video-preview":"max-video-preview:-1"},"canonical":"https:\/\/progeslojistik.com\/?p=40","og_locale":"tr_TR","og_type":"article","og_title":"Parsiyel Y\u00fck Ta\u015f\u0131mac\u0131l\u0131\u011f\u0131 - Proges Lojistik","og_description":"Ekonomik ve Verimli Ta\u015f\u0131ma \u00c7\u00f6z\u00fcmleri Parsiyel y\u00fck ta\u015f\u0131mac\u0131l\u0131\u011f\u0131, k\u00fc\u00e7\u00fck ve orta boyutlu y\u00fcklerin, tam y\u00fck ta\u015f\u0131mac\u0131l\u0131\u011f\u0131na g\u00f6re daha ekonomik bir \u015fekilde ta\u015f\u0131nmas\u0131n\u0131 sa\u011flayan bir \u00e7\u00f6z\u00fcmd\u00fcr. Bu hizmet, farkl\u0131 m\u00fc\u015fterilere ait y\u00fcklerin birle\u015ftirilerek tek bir ta\u015f\u0131ma arac\u0131nda ta\u015f\u0131nmas\u0131n\u0131 m\u00fcmk\u00fcn k\u0131lar. B\u00f6ylece ta\u015f\u0131ma maliyetleri payla\u015f\u0131l\u0131r, daha d\u00fc\u015f\u00fck bir fiyatla ta\u015f\u0131ma yap\u0131l\u0131r. Parsiyel y\u00fck ta\u015f\u0131mac\u0131l\u0131\u011f\u0131, \u00f6zellikle k\u00fc\u00e7\u00fck i\u015fletmeler veya d\u00fczenli sevkiyat yapmayan firmalar &hellip;","og_url":"https:\/\/progeslojistik.com\/?p=40","og_site_name":"Proges Lojistik","article_published_time":"2016-05-12T10:00:34+00:00","article_modified_time":"2025-01-14T13:03:37+00:00","og_image":[{"width":800,"height":480,"url":"https:\/\/progeslojistik.com\/wp-content\/uploads\/2016\/05\/parsiyel-tasimacilik.jpg","type":"image\/jpeg"}],"author":"admin","twitter_card":"summary_large_image","twitter_misc":{"Yazan:":"admin","Tahmini okuma s\u00fcresi":"2 dakika"},"schema":{"@context":"https:\/\/schema.org","@graph":[{"@type":"Article","@id":"https:\/\/progeslojistik.com\/?p=40#article","isPartOf":{"@id":"https:\/\/progeslojistik.com\/?p=40"},"author":{"name":"admin","@id":"https:\/\/progeslojistik.com\/#\/schema\/person\/7a7e93d71e8ec8160b77f3f909ab7233"},"headline":"Parsiyel Y\u00fck Ta\u015f\u0131mac\u0131l\u0131\u011f\u0131","datePublished":"2016-05-12T10:00:34+00:00","dateModified":"2025-01-14T13:03:37+00:00","mainEntityOfPage":{"@id":"https:\/\/progeslojistik.com\/?p=40"},"wordCount":280,"publisher":{"@id":"https:\/\/progeslojistik.com\/#organization"},"image":{"@id":"https:\/\/progeslojistik.com\/?p=40#primaryimage"},"thumbnailUrl":"https:\/\/progeslojistik.com\/wp-content\/uploads\/2016\/05\/parsiyel-tasimacilik.jpg","articleSection":["Countries"],"inLanguage":"tr"},{"@type":"WebPage","@id":"https:\/\/progeslojistik.com\/?p=40","url":"https:\/\/progeslojistik.com\/?p=40","name":"Parsiyel Y\u00fck Ta\u015f\u0131mac\u0131l\u0131\u011f\u0131 - Proges Lojistik","isPartOf":{"@id":"https:\/\/progeslojistik.com\/#website"},"primaryImageOfPage":{"@id":"https:\/\/progeslojistik.com\/?p=40#primaryimage"},"image":{"@id":"https:\/\/progeslojistik.com\/?p=40#primaryimage"},"thumbnailUrl":"https:\/\/progeslojistik.com\/wp-content\/uploads\/2016\/05\/parsiyel-tasimacilik.jpg","datePublished":"2016-05-12T10:00:34+00:00","dateModified":"2025-01-14T13:03:37+00:00","breadcrumb":{"@id":"https:\/\/progeslojistik.com\/?p=40#breadcrumb"},"inLanguage":"tr","potentialAction":[{"@type":"ReadAction","target":["https:\/\/progeslojistik.com\/?p=40"]}]},{"@type":"ImageObject","inLanguage":"tr","@id":"https:\/\/progeslojistik.com\/?p=40#primaryimage","url":"https:\/\/progeslojistik.com\/wp-content\/uploads\/2016\/05\/parsiyel-tasimacilik.jpg","contentUrl":"https:\/\/progeslojistik.com\/wp-content\/uploads\/2016\/05\/parsiyel-tasimacilik.jpg","width":800,"height":480},{"@type":"BreadcrumbList","@id":"https:\/\/progeslojistik.com\/?p=40#breadcrumb","itemListElement":[{"@type":"ListItem","position":1,"name":"Anasayfa","item":"https:\/\/progeslojistik.com\/?page_id=302"},{"@type":"ListItem","position":2,"name":"Parsiyel Y\u00fck Ta\u015f\u0131mac\u0131l\u0131\u011f\u0131"}]},{"@type":"WebSite","@id":"https:\/\/progeslojistik.com\/#website","url":"https:\/\/progeslojistik.com\/","name":"Proges Lojistik","description":"","publisher":{"@id":"https:\/\/progeslojistik.com\/#organization"},"potentialAction":[{"@type":"SearchAction","target":{"@type":"EntryPoint","urlTemplate":"https:\/\/progeslojistik.com\/?s={search_term_string}"},"query-input":{"@type":"PropertyValueSpecification","valueRequired":true,"valueName":"search_term_string"}}],"inLanguage":"tr"},{"@type":"Organization","@id":"https:\/\/progeslojistik.com\/#organization","name":"Proges Lojistik","url":"https:\/\/progeslojistik.com\/","logo":{"@type":"ImageObject","inLanguage":"tr","@id":"https:\/\/progeslojistik.com\/#\/schema\/logo\/image\/","url":"https:\/\/progeslojistik.com\/wp-content\/uploads\/2025\/01\/cropped-progeslogo.png","contentUrl":"https:\/\/progeslojistik.com\/wp-content\/uploads\/2025\/01\/cropped-progeslogo.png","width":105,"height":105,"caption":"Proges Lojistik"},"image":{"@id":"https:\/\/progeslojistik.com\/#\/schema\/logo\/image\/"}},{"@type":"Person","@id":"https:\/\/progeslojistik.com\/#\/schema\/person\/7a7e93d71e8ec8160b77f3f909ab7233","name":"admin","sameAs":["https:\/\/progeslojistik.com"],"url":"https:\/\/progeslojistik.com\/?author=1"}]}},"_links":{"self":[{"href":"https:\/\/progeslojistik.com\/index.php?rest_route=\/wp\/v2\/posts\/40","targetHints":{"allow":["GET"]}}],"collection":[{"href":"https:\/\/progeslojistik.com\/index.php?rest_route=\/wp\/v2\/posts"}],"about":[{"href":"https:\/\/progeslojistik.com\/index.php?rest_route=\/wp\/v2\/types\/post"}],"author":[{"embeddable":true,"href":"https:\/\/progeslojistik.com\/index.php?rest_route=\/wp\/v2\/users\/1"}],"replies":[{"embeddable":true,"href":"https:\/\/progeslojistik.com\/index.php?rest_route=%2Fwp%2Fv2%2Fcomments&post=40"}],"version-history":[{"count":2,"href":"https:\/\/progeslojistik.com\/index.php?rest_route=\/wp\/v2\/posts\/40\/revisions"}],"predecessor-version":[{"id":494,"href":"https:\/\/progeslojistik.com\/index.php?rest_route=\/wp\/v2\/posts\/40\/revisions\/494"}],"wp:featuredmedia":[{"embeddable":true,"href":"https:\/\/progeslojistik.com\/index.php?rest_route=\/wp\/v2\/media\/487"}],"wp:attachment":[{"href":"https:\/\/progeslojistik.com\/index.php?rest_route=%2Fwp%2Fv2%2Fmedia&parent=40"}],"wp:term":[{"taxonomy":"category","embeddable":true,"href":"https:\/\/progeslojistik.com\/index.php?rest_route=%2Fwp%2Fv2%2Fcategories&post=40"},{"taxonomy":"post_tag","embeddable":true,"href":"https:\/\/progeslojistik.com\/index.php?rest_route=%2Fwp%2Fv2%2Ftags&post=40"}],"curies":[{"name":"wp","href":"https:\/\/api.w.org\/{rel}","templated":true}]}}