{"id":149,"date":"2016-05-12T10:36:32","date_gmt":"2016-05-12T10:36:32","guid":{"rendered":"http:\/\/raratheme.com\/preview\/benevolent\/?p=149"},"modified":"2025-01-14T13:11:22","modified_gmt":"2025-01-14T13:11:22","slug":"women-empowerment-and-employment","status":"publish","type":"post","link":"https:\/\/progeslojistik.com\/?p=149","title":{"rendered":"Hava Yolu Ta\u015f\u0131mac\u0131l\u0131\u011f\u0131"},"content":{"rendered":"<h3>H\u0131zl\u0131 ve G\u00fcvenli Global Ta\u015f\u0131ma \u00c7\u00f6z\u00fcmleri<\/h3>\n\n\n<p>Hava yolu ta\u015f\u0131mac\u0131l\u0131\u011f\u0131, y\u00fcklerinizi d\u00fcnya \u00e7ap\u0131nda h\u0131zl\u0131 ve g\u00fcvenli bir \u015fekilde ta\u015f\u0131man\u0131n en etkili yoludur. U\u00e7ak ile nakliye g\u00f6nderme hizmetimiz, acil teslimatlar ve hassas y\u00fckler i\u00e7in m\u00fckemmel bir \u00e7\u00f6z\u00fcm sunar. K\u00fcresel hava yollar\u0131 a\u011f\u0131m\u0131z \u00fczerinden, her t\u00fcrl\u00fc y\u00fck\u00fc zaman\u0131nda ve g\u00fcvenle var\u0131\u015f noktas\u0131na ula\u015ft\u0131r\u0131yoruz.<\/p>\n\n\n\n<p>\u0130ster de\u011ferli bir \u00fcr\u00fcn, ister acil bir sevkiyat olsun, hava yolu ta\u015f\u0131mac\u0131l\u0131\u011f\u0131 hizmetimiz, h\u0131zl\u0131 teslimat garantisi ve y\u00fcksek g\u00fcvenlik \u00f6nlemleri ile \u00f6ne \u00e7\u0131kar. Uluslararas\u0131 ta\u015f\u0131ma s\u00fcre\u00e7lerinde deneyimli ekiplerimiz, y\u00fck\u00fcn\u00fcz\u00fcn her a\u015famada g\u00fcvenli bir \u015fekilde izlenmesini sa\u011flar.<\/p>\n\n\n\n<p>Y\u00fck\u00fcn\u00fcz\u00fc h\u0131zl\u0131, g\u00fcvenli ve zaman\u0131nda teslim etmek i\u00e7in hava yolu ta\u015f\u0131mac\u0131l\u0131\u011f\u0131 hizmetimizi tercih edin. K\u00fcresel ba\u011flant\u0131lar\u0131m\u0131z ve g\u00fc\u00e7l\u00fc lojistik altyap\u0131m\u0131z ile her t\u00fcrl\u00fc ta\u015f\u0131ma ihtiyac\u0131n\u0131zda yan\u0131n\u0131zday\u0131z.<\/p>\n","protected":false},"excerpt":{"rendered":"<p>Hava yolu ta\u015f\u0131mac\u0131l\u0131\u011f\u0131yla h\u0131zl\u0131, g\u00fcvenli ve global ta\u015f\u0131mac\u0131l\u0131k hizmeti.<\/p>\n","protected":false},"author":1,"featured_media":465,"comment_status":"closed","ping_status":"closed","sticky":false,"template":"","format":"standard","meta":{"footnotes":""},"categories":[6],"tags":[],"class_list":["post-149","post","type-post","status-publish","format-standard","has-post-thumbnail","hentry","category-slider"],"yoast_head":"<!-- This site is optimized with the Yoast SEO plugin v24.1 - https:\/\/yoast.com\/wordpress\/plugins\/seo\/ -->\n<title>Hava Yolu Ta\u015f\u0131mac\u0131l\u0131\u011f\u0131 - Proges Lojistik<\/title>\n<meta name=\"robots\" content=\"index, follow, max-snippet:-1, max-image-preview:large, max-video-preview:-1\" \/>\n<link rel=\"canonical\" href=\"https:\/\/progeslojistik.com\/?p=149\" \/>\n<meta property=\"og:locale\" content=\"tr_TR\" \/>\n<meta property=\"og:type\" content=\"article\" \/>\n<meta property=\"og:title\" content=\"Hava Yolu Ta\u015f\u0131mac\u0131l\u0131\u011f\u0131 - Proges Lojistik\" \/>\n<meta property=\"og:description\" content=\"Hava yolu ta\u015f\u0131mac\u0131l\u0131\u011f\u0131yla h\u0131zl\u0131, g\u00fcvenli ve global ta\u015f\u0131mac\u0131l\u0131k hizmeti.\" \/>\n<meta property=\"og:url\" content=\"https:\/\/progeslojistik.com\/?p=149\" \/>\n<meta property=\"og:site_name\" content=\"Proges Lojistik\" \/>\n<meta property=\"article:published_time\" content=\"2016-05-12T10:36:32+00:00\" \/>\n<meta property=\"article:modified_time\" content=\"2025-01-14T13:11:22+00:00\" \/>\n<meta property=\"og:image\" content=\"https:\/\/progeslojistik.com\/wp-content\/uploads\/2016\/05\/airplanescargo.jpg\" \/>\n\t<meta property=\"og:image:width\" content=\"1920\" \/>\n\t<meta property=\"og:image:height\" content=\"1034\" \/>\n\t<meta property=\"og:image:type\" content=\"image\/jpeg\" \/>\n<meta name=\"author\" content=\"admin\" \/>\n<meta name=\"twitter:card\" content=\"summary_large_image\" \/>\n<meta name=\"twitter:label1\" content=\"Yazan:\" \/>\n\t<meta name=\"twitter:data1\" content=\"admin\" \/>\n\t<meta name=\"twitter:label2\" content=\"Tahmini okuma s\u00fcresi\" \/>\n\t<meta name=\"twitter:data2\" content=\"1 dakika\" \/>\n<script type=\"application\/ld+json\" class=\"yoast-schema-graph\">{\"@context\":\"https:\/\/schema.org\",\"@graph\":[{\"@type\":\"Article\",\"@id\":\"https:\/\/progeslojistik.com\/?p=149#article\",\"isPartOf\":{\"@id\":\"https:\/\/progeslojistik.com\/?p=149\"},\"author\":{\"name\":\"admin\",\"@id\":\"https:\/\/progeslojistik.com\/#\/schema\/person\/7a7e93d71e8ec8160b77f3f909ab7233\"},\"headline\":\"Hava Yolu Ta\u015f\u0131mac\u0131l\u0131\u011f\u0131\",\"datePublished\":\"2016-05-12T10:36:32+00:00\",\"dateModified\":\"2025-01-14T13:11:22+00:00\",\"mainEntityOfPage\":{\"@id\":\"https:\/\/progeslojistik.com\/?p=149\"},\"wordCount\":188,\"publisher\":{\"@id\":\"https:\/\/progeslojistik.com\/#organization\"},\"image\":{\"@id\":\"https:\/\/progeslojistik.com\/?p=149#primaryimage\"},\"thumbnailUrl\":\"https:\/\/progeslojistik.com\/wp-content\/uploads\/2016\/05\/airplanescargo.jpg\",\"articleSection\":[\"Slider\"],\"inLanguage\":\"tr\"},{\"@type\":\"WebPage\",\"@id\":\"https:\/\/progeslojistik.com\/?p=149\",\"url\":\"https:\/\/progeslojistik.com\/?p=149\",\"name\":\"Hava Yolu Ta\u015f\u0131mac\u0131l\u0131\u011f\u0131 - Proges Lojistik\",\"isPartOf\":{\"@id\":\"https:\/\/progeslojistik.com\/#website\"},\"primaryImageOfPage\":{\"@id\":\"https:\/\/progeslojistik.com\/?p=149#primaryimage\"},\"image\":{\"@id\":\"https:\/\/progeslojistik.com\/?p=149#primaryimage\"},\"thumbnailUrl\":\"https:\/\/progeslojistik.com\/wp-content\/uploads\/2016\/05\/airplanescargo.jpg\",\"datePublished\":\"2016-05-12T10:36:32+00:00\",\"dateModified\":\"2025-01-14T13:11:22+00:00\",\"breadcrumb\":{\"@id\":\"https:\/\/progeslojistik.com\/?p=149#breadcrumb\"},\"inLanguage\":\"tr\",\"potentialAction\":[{\"@type\":\"ReadAction\",\"target\":[\"https:\/\/progeslojistik.com\/?p=149\"]}]},{\"@type\":\"ImageObject\",\"inLanguage\":\"tr\",\"@id\":\"https:\/\/progeslojistik.com\/?p=149#primaryimage\",\"url\":\"https:\/\/progeslojistik.com\/wp-content\/uploads\/2016\/05\/airplanescargo.jpg\",\"contentUrl\":\"https:\/\/progeslojistik.com\/wp-content\/uploads\/2016\/05\/airplanescargo.jpg\",\"width\":1920,\"height\":1034},{\"@type\":\"BreadcrumbList\",\"@id\":\"https:\/\/progeslojistik.com\/?p=149#breadcrumb\",\"itemListElement\":[{\"@type\":\"ListItem\",\"position\":1,\"name\":\"Anasayfa\",\"item\":\"https:\/\/progeslojistik.com\/?page_id=302\"},{\"@type\":\"ListItem\",\"position\":2,\"name\":\"Hava Yolu Ta\u015f\u0131mac\u0131l\u0131\u011f\u0131\"}]},{\"@type\":\"WebSite\",\"@id\":\"https:\/\/progeslojistik.com\/#website\",\"url\":\"https:\/\/progeslojistik.com\/\",\"name\":\"Proges Lojistik\",\"description\":\"\",\"publisher\":{\"@id\":\"https:\/\/progeslojistik.com\/#organization\"},\"potentialAction\":[{\"@type\":\"SearchAction\",\"target\":{\"@type\":\"EntryPoint\",\"urlTemplate\":\"https:\/\/progeslojistik.com\/?s={search_term_string}\"},\"query-input\":{\"@type\":\"PropertyValueSpecification\",\"valueRequired\":true,\"valueName\":\"search_term_string\"}}],\"inLanguage\":\"tr\"},{\"@type\":\"Organization\",\"@id\":\"https:\/\/progeslojistik.com\/#organization\",\"name\":\"Proges Lojistik\",\"url\":\"https:\/\/progeslojistik.com\/\",\"logo\":{\"@type\":\"ImageObject\",\"inLanguage\":\"tr\",\"@id\":\"https:\/\/progeslojistik.com\/#\/schema\/logo\/image\/\",\"url\":\"https:\/\/progeslojistik.com\/wp-content\/uploads\/2025\/01\/cropped-progeslogo.png\",\"contentUrl\":\"https:\/\/progeslojistik.com\/wp-content\/uploads\/2025\/01\/cropped-progeslogo.png\",\"width\":105,\"height\":105,\"caption\":\"Proges Lojistik\"},\"image\":{\"@id\":\"https:\/\/progeslojistik.com\/#\/schema\/logo\/image\/\"}},{\"@type\":\"Person\",\"@id\":\"https:\/\/progeslojistik.com\/#\/schema\/person\/7a7e93d71e8ec8160b77f3f909ab7233\",\"name\":\"admin\",\"sameAs\":[\"https:\/\/progeslojistik.com\"],\"url\":\"https:\/\/progeslojistik.com\/?author=1\"}]}<\/script>\n<!-- \/ Yoast SEO plugin. -->","yoast_head_json":{"title":"Hava Yolu Ta\u015f\u0131mac\u0131l\u0131\u011f\u0131 - Proges Lojistik","robots":{"index":"index","follow":"follow","max-snippet":"max-snippet:-1","max-image-preview":"max-image-preview:large","max-video-preview":"max-video-preview:-1"},"canonical":"https:\/\/progeslojistik.com\/?p=149","og_locale":"tr_TR","og_type":"article","og_title":"Hava Yolu Ta\u015f\u0131mac\u0131l\u0131\u011f\u0131 - Proges Lojistik","og_description":"Hava yolu ta\u015f\u0131mac\u0131l\u0131\u011f\u0131yla h\u0131zl\u0131, g\u00fcvenli ve global ta\u015f\u0131mac\u0131l\u0131k hizmeti.","og_url":"https:\/\/progeslojistik.com\/?p=149","og_site_name":"Proges Lojistik","article_published_time":"2016-05-12T10:36:32+00:00","article_modified_time":"2025-01-14T13:11:22+00:00","og_image":[{"width":1920,"height":1034,"url":"https:\/\/progeslojistik.com\/wp-content\/uploads\/2016\/05\/airplanescargo.jpg","type":"image\/jpeg"}],"author":"admin","twitter_card":"summary_large_image","twitter_misc":{"Yazan:":"admin","Tahmini okuma s\u00fcresi":"1 dakika"},"schema":{"@context":"https:\/\/schema.org","@graph":[{"@type":"Article","@id":"https:\/\/progeslojistik.com\/?p=149#article","isPartOf":{"@id":"https:\/\/progeslojistik.com\/?p=149"},"author":{"name":"admin","@id":"https:\/\/progeslojistik.com\/#\/schema\/person\/7a7e93d71e8ec8160b77f3f909ab7233"},"headline":"Hava Yolu Ta\u015f\u0131mac\u0131l\u0131\u011f\u0131","datePublished":"2016-05-12T10:36:32+00:00","dateModified":"2025-01-14T13:11:22+00:00","mainEntityOfPage":{"@id":"https:\/\/progeslojistik.com\/?p=149"},"wordCount":188,"publisher":{"@id":"https:\/\/progeslojistik.com\/#organization"},"image":{"@id":"https:\/\/progeslojistik.com\/?p=149#primaryimage"},"thumbnailUrl":"https:\/\/progeslojistik.com\/wp-content\/uploads\/2016\/05\/airplanescargo.jpg","articleSection":["Slider"],"inLanguage":"tr"},{"@type":"WebPage","@id":"https:\/\/progeslojistik.com\/?p=149","url":"https:\/\/progeslojistik.com\/?p=149","name":"Hava Yolu Ta\u015f\u0131mac\u0131l\u0131\u011f\u0131 - Proges Lojistik","isPartOf":{"@id":"https:\/\/progeslojistik.com\/#website"},"primaryImageOfPage":{"@id":"https:\/\/progeslojistik.com\/?p=149#primaryimage"},"image":{"@id":"https:\/\/progeslojistik.com\/?p=149#primaryimage"},"thumbnailUrl":"https:\/\/progeslojistik.com\/wp-content\/uploads\/2016\/05\/airplanescargo.jpg","datePublished":"2016-05-12T10:36:32+00:00","dateModified":"2025-01-14T13:11:22+00:00","breadcrumb":{"@id":"https:\/\/progeslojistik.com\/?p=149#breadcrumb"},"inLanguage":"tr","potentialAction":[{"@type":"ReadAction","target":["https:\/\/progeslojistik.com\/?p=149"]}]},{"@type":"ImageObject","inLanguage":"tr","@id":"https:\/\/progeslojistik.com\/?p=149#primaryimage","url":"https:\/\/progeslojistik.com\/wp-content\/uploads\/2016\/05\/airplanescargo.jpg","contentUrl":"https:\/\/progeslojistik.com\/wp-content\/uploads\/2016\/05\/airplanescargo.jpg","width":1920,"height":1034},{"@type":"BreadcrumbList","@id":"https:\/\/progeslojistik.com\/?p=149#breadcrumb","itemListElement":[{"@type":"ListItem","position":1,"name":"Anasayfa","item":"https:\/\/progeslojistik.com\/?page_id=302"},{"@type":"ListItem","position":2,"name":"Hava Yolu Ta\u015f\u0131mac\u0131l\u0131\u011f\u0131"}]},{"@type":"WebSite","@id":"https:\/\/progeslojistik.com\/#website","url":"https:\/\/progeslojistik.com\/","name":"Proges Lojistik","description":"","publisher":{"@id":"https:\/\/progeslojistik.com\/#organization"},"potentialAction":[{"@type":"SearchAction","target":{"@type":"EntryPoint","urlTemplate":"https:\/\/progeslojistik.com\/?s={search_term_string}"},"query-input":{"@type":"PropertyValueSpecification","valueRequired":true,"valueName":"search_term_string"}}],"inLanguage":"tr"},{"@type":"Organization","@id":"https:\/\/progeslojistik.com\/#organization","name":"Proges Lojistik","url":"https:\/\/progeslojistik.com\/","logo":{"@type":"ImageObject","inLanguage":"tr","@id":"https:\/\/progeslojistik.com\/#\/schema\/logo\/image\/","url":"https:\/\/progeslojistik.com\/wp-content\/uploads\/2025\/01\/cropped-progeslogo.png","contentUrl":"https:\/\/progeslojistik.com\/wp-content\/uploads\/2025\/01\/cropped-progeslogo.png","width":105,"height":105,"caption":"Proges Lojistik"},"image":{"@id":"https:\/\/progeslojistik.com\/#\/schema\/logo\/image\/"}},{"@type":"Person","@id":"https:\/\/progeslojistik.com\/#\/schema\/person\/7a7e93d71e8ec8160b77f3f909ab7233","name":"admin","sameAs":["https:\/\/progeslojistik.com"],"url":"https:\/\/progeslojistik.com\/?author=1"}]}},"_links":{"self":[{"href":"https:\/\/progeslojistik.com\/index.php?rest_route=\/wp\/v2\/posts\/149","targetHints":{"allow":["GET"]}}],"collection":[{"href":"https:\/\/progeslojistik.com\/index.php?rest_route=\/wp\/v2\/posts"}],"about":[{"href":"https:\/\/progeslojistik.com\/index.php?rest_route=\/wp\/v2\/types\/post"}],"author":[{"embeddable":true,"href":"https:\/\/progeslojistik.com\/index.php?rest_route=\/wp\/v2\/users\/1"}],"replies":[{"embeddable":true,"href":"https:\/\/progeslojistik.com\/index.php?rest_route=%2Fwp%2Fv2%2Fcomments&post=149"}],"version-history":[{"count":4,"href":"https:\/\/progeslojistik.com\/index.php?rest_route=\/wp\/v2\/posts\/149\/revisions"}],"predecessor-version":[{"id":524,"href":"https:\/\/progeslojistik.com\/index.php?rest_route=\/wp\/v2\/posts\/149\/revisions\/524"}],"wp:featuredmedia":[{"embeddable":true,"href":"https:\/\/progeslojistik.com\/index.php?rest_route=\/wp\/v2\/media\/465"}],"wp:attachment":[{"href":"https:\/\/progeslojistik.com\/index.php?rest_route=%2Fwp%2Fv2%2Fmedia&parent=149"}],"wp:term":[{"taxonomy":"category","embeddable":true,"href":"https:\/\/progeslojistik.com\/index.php?rest_route=%2Fwp%2Fv2%2Fcategories&post=149"},{"taxonomy":"post_tag","embeddable":true,"href":"https:\/\/progeslojistik.com\/index.php?rest_route=%2Fwp%2Fv2%2Ftags&post=149"}],"curies":[{"name":"wp","href":"https:\/\/api.w.org\/{rel}","templated":true}]}}